{"id":9690,"date":"2023-12-15T11:36:40","date_gmt":"2023-12-15T09:36:40","guid":{"rendered":"https:\/\/arhitektuuripreemiad.ee\/?post_type=press&#038;p=9690"},"modified":"2023-12-16T12:00:58","modified_gmt":"2023-12-16T10:00:58","slug":"the-laureates-of-the-2023-architecture-awards-have-been-announced","status":"publish","type":"press","link":"https:\/\/arhitektuuripreemiad.ee\/en\/press\/the-laureates-of-the-2023-architecture-awards-have-been-announced\/","title":{"rendered":"The laureates of the 2023 architecture awards have been announced"},"content":{"rendered":"<p style=\"font-weight: 400;\">PRESS RELEASE<br \/>\nDecember 9, 2023<\/p>\n<p style=\"font-weight: 400;\"><img loading=\"lazy\" decoding=\"async\" class=\"alignnone wp-image-9624 size-full lazyload\" data-src=\"https:\/\/arhitektuuripreemiad.ee\/wp-content\/uploads\/2023\/12\/AP_2023_Banner_sundmuse-infoga.jpg\" alt=\"\" width=\"1920\" height=\"1005\" data-srcset=\"https:\/\/arhitektuuripreemiad.ee\/wp-content\/uploads\/2023\/12\/AP_2023_Banner_sundmuse-infoga.jpg 1920w, https:\/\/arhitektuuripreemiad.ee\/wp-content\/uploads\/2023\/12\/AP_2023_Banner_sundmuse-infoga-300x157.jpg 300w, https:\/\/arhitektuuripreemiad.ee\/wp-content\/uploads\/2023\/12\/AP_2023_Banner_sundmuse-infoga-1024x536.jpg 1024w, https:\/\/arhitektuuripreemiad.ee\/wp-content\/uploads\/2023\/12\/AP_2023_Banner_sundmuse-infoga-768x402.jpg 768w, https:\/\/arhitektuuripreemiad.ee\/wp-content\/uploads\/2023\/12\/AP_2023_Banner_sundmuse-infoga-1536x804.jpg 1536w\" data-sizes=\"(max-width: 1920px) 100vw, 1920px\" src=\"data:image\/gif;base64,R0lGODlhAQABAAAAACH5BAEKAAEALAAAAAABAAEAAAICTAEAOw==\" style=\"--smush-placeholder-width: 1920px; --smush-placeholder-aspect-ratio: 1920\/1005;\" \/><noscript><img loading=\"lazy\" decoding=\"async\" class=\"alignnone wp-image-9624 size-full\" src=\"https:\/\/arhitektuuripreemiad.ee\/wp-content\/uploads\/2023\/12\/AP_2023_Banner_sundmuse-infoga.jpg\" alt=\"\" width=\"1920\" height=\"1005\" srcset=\"https:\/\/arhitektuuripreemiad.ee\/wp-content\/uploads\/2023\/12\/AP_2023_Banner_sundmuse-infoga.jpg 1920w, https:\/\/arhitektuuripreemiad.ee\/wp-content\/uploads\/2023\/12\/AP_2023_Banner_sundmuse-infoga-300x157.jpg 300w, https:\/\/arhitektuuripreemiad.ee\/wp-content\/uploads\/2023\/12\/AP_2023_Banner_sundmuse-infoga-1024x536.jpg 1024w, https:\/\/arhitektuuripreemiad.ee\/wp-content\/uploads\/2023\/12\/AP_2023_Banner_sundmuse-infoga-768x402.jpg 768w, https:\/\/arhitektuuripreemiad.ee\/wp-content\/uploads\/2023\/12\/AP_2023_Banner_sundmuse-infoga-1536x804.jpg 1536w\" sizes=\"(max-width: 1920px) 100vw, 1920px\" \/><\/noscript><\/p>\n<p style=\"font-weight: 400;\"><strong>On Friday, December 8, at a festive award ceremony in Lillepavilion, the Estonian Architecture Awards of the year were handed out and the best architectural works and architects were recognized.<\/strong><\/p>\n<p style=\"font-weight: 400;\">The architecture endowment fund of the Cultural Endowment of Estonia, the Association of Estonian Architects, the Association of Estonian Interior Architects, the Association of Estonian Landscape Architects and the architectural magazine MAJA awarded a total of 14 laureates this year &#8211; the authors of the most outstanding achievements and works in the field of Estonian architecture.<\/p>\n<p style=\"font-weight: 400;\"><strong>The architecture endowment of the Cultural Endowment of Estonia awarded four architecture awards:<\/strong><\/p>\n<p style=\"font-weight: 400;\"><strong>The Annual Award went to the <\/strong><a href=\"https:\/\/www.dropbox.com\/scl\/fo\/0wgaborzdmhyyia3jzjjd\/h?rlkey=jc2y6d7dcu5ywj07fdeqb2u9d&amp;dl=0\"><strong>P\u00f5ltsamaa castle<\/strong><\/a><strong>. <\/strong><\/p>\n<p style=\"font-weight: 400;\">Architecture: Margit Argus, Eliise Harjak (studio ARGUS), Margit Aule (LUMIA); Birte B\u00f6er. Interior architecturer: Margit Argus, Elo Liina Kaivo (studio ARGUS), Margit Aule (LUMIA). Consultant: Artur \u00dcmar. Architecture (convention building wall and roof): \u00dclo Mahoni, Andrus Rehemaa (ARC Projekt). Landscape architecture: Margit Argus, Eliise Harjak (studio ARGUS), Margit Aule (LUMIA); Sulev Nurme (AB Artes Terrae); Britt M\u00e4ekuusk (Projektib\u00fcroo).<\/p>\n<p style=\"font-weight: 400;\"><img loading=\"lazy\" decoding=\"async\" class=\"alignnone wp-image-9618 size-full lazyload\" data-src=\"https:\/\/arhitektuuripreemiad.ee\/wp-content\/uploads\/2023\/12\/KulKa_peapreemia_Eesti_arhitektuuripreemiad_2023_foto_Raul-Mee-112-scaled.jpg\" alt=\"\" width=\"2560\" height=\"1745\" data-srcset=\"https:\/\/arhitektuuripreemiad.ee\/wp-content\/uploads\/2023\/12\/KulKa_peapreemia_Eesti_arhitektuuripreemiad_2023_foto_Raul-Mee-112-scaled.jpg 2560w, https:\/\/arhitektuuripreemiad.ee\/wp-content\/uploads\/2023\/12\/KulKa_peapreemia_Eesti_arhitektuuripreemiad_2023_foto_Raul-Mee-112-300x204.jpg 300w, https:\/\/arhitektuuripreemiad.ee\/wp-content\/uploads\/2023\/12\/KulKa_peapreemia_Eesti_arhitektuuripreemiad_2023_foto_Raul-Mee-112-1024x698.jpg 1024w, https:\/\/arhitektuuripreemiad.ee\/wp-content\/uploads\/2023\/12\/KulKa_peapreemia_Eesti_arhitektuuripreemiad_2023_foto_Raul-Mee-112-768x523.jpg 768w, https:\/\/arhitektuuripreemiad.ee\/wp-content\/uploads\/2023\/12\/KulKa_peapreemia_Eesti_arhitektuuripreemiad_2023_foto_Raul-Mee-112-1536x1047.jpg 1536w, https:\/\/arhitektuuripreemiad.ee\/wp-content\/uploads\/2023\/12\/KulKa_peapreemia_Eesti_arhitektuuripreemiad_2023_foto_Raul-Mee-112-2048x1396.jpg 2048w, https:\/\/arhitektuuripreemiad.ee\/wp-content\/uploads\/2023\/12\/KulKa_peapreemia_Eesti_arhitektuuripreemiad_2023_foto_Raul-Mee-112-1920x1309.jpg 1920w\" data-sizes=\"(max-width: 2560px) 100vw, 2560px\" src=\"data:image\/gif;base64,R0lGODlhAQABAAAAACH5BAEKAAEALAAAAAABAAEAAAICTAEAOw==\" style=\"--smush-placeholder-width: 2560px; --smush-placeholder-aspect-ratio: 2560\/1745;\" \/><noscript><img loading=\"lazy\" decoding=\"async\" class=\"alignnone wp-image-9618 size-full\" src=\"https:\/\/arhitektuuripreemiad.ee\/wp-content\/uploads\/2023\/12\/KulKa_peapreemia_Eesti_arhitektuuripreemiad_2023_foto_Raul-Mee-112-scaled.jpg\" alt=\"\" width=\"2560\" height=\"1745\" srcset=\"https:\/\/arhitektuuripreemiad.ee\/wp-content\/uploads\/2023\/12\/KulKa_peapreemia_Eesti_arhitektuuripreemiad_2023_foto_Raul-Mee-112-scaled.jpg 2560w, https:\/\/arhitektuuripreemiad.ee\/wp-content\/uploads\/2023\/12\/KulKa_peapreemia_Eesti_arhitektuuripreemiad_2023_foto_Raul-Mee-112-300x204.jpg 300w, https:\/\/arhitektuuripreemiad.ee\/wp-content\/uploads\/2023\/12\/KulKa_peapreemia_Eesti_arhitektuuripreemiad_2023_foto_Raul-Mee-112-1024x698.jpg 1024w, https:\/\/arhitektuuripreemiad.ee\/wp-content\/uploads\/2023\/12\/KulKa_peapreemia_Eesti_arhitektuuripreemiad_2023_foto_Raul-Mee-112-768x523.jpg 768w, https:\/\/arhitektuuripreemiad.ee\/wp-content\/uploads\/2023\/12\/KulKa_peapreemia_Eesti_arhitektuuripreemiad_2023_foto_Raul-Mee-112-1536x1047.jpg 1536w, https:\/\/arhitektuuripreemiad.ee\/wp-content\/uploads\/2023\/12\/KulKa_peapreemia_Eesti_arhitektuuripreemiad_2023_foto_Raul-Mee-112-2048x1396.jpg 2048w, https:\/\/arhitektuuripreemiad.ee\/wp-content\/uploads\/2023\/12\/KulKa_peapreemia_Eesti_arhitektuuripreemiad_2023_foto_Raul-Mee-112-1920x1309.jpg 1920w\" sizes=\"(max-width: 2560px) 100vw, 2560px\" \/><\/noscript><\/p>\n<p style=\"font-weight: 400;\">When the architects began the reconstruction, there were only walls left of the buildings, some of them at risk of\u00a0collapse, but now a heritage site that has been the pride and joy of the region was saved from destruction\u00a0and restored to its dignity and allows the\u00a0story of the castle to be told also to future generations. The challenge in the reconstruction was not so much in preserving the old but rather adding the new,\u00a0thus creating a symbolic bridge between the past and the present. According to the jury, the reconstruction project of P\u00f5ltsamaa castle and how it has been played out at the moment was surprising. There were several issues that would have been easy to label as questionable, however, in the given circumstances they at times appeared even genius. It features a balance of rawness and fineness, while the standard expectations are displaced by recycling and the (seemingly?) temporary solutions that in a sense give rise to a radical aesthetics.<\/p>\n<p style=\"font-weight: 400;\"><strong>The Architecture Award went to <\/strong><a href=\"https:\/\/www.dropbox.com\/scl\/fo\/85ekcrl80lr51dmdqoli7\/h?rlkey=scdgtqsh27vyvumhz9t9pddcc&amp;dl=0\"><strong>the Pelgulinna State Secondary School<\/strong><\/a><strong> of Tallinn. <\/strong>Architecture: Ott Alver, Alvin J\u00e4rving, Mari Rass, Kaire Koidu, J\u00f5nn Sooniste, Katrin Vilberg, Lisett Eist, Karoliine Kuus (Arhitekt Must). Interior architecture: Tarmo Piirmets, Anni Leo (Pink). Landscape architecture: Mirko Traks, Uku Mark P\u00e4rtel, Kristjan Talvistu, Juhan Teppart, Karin Bachmann, Katariina Lepiku (Kino maastikuarhitektid).<\/p>\n<p><img loading=\"lazy\" decoding=\"async\" class=\"alignnone size-full wp-image-9614 lazyload\" data-src=\"https:\/\/arhitektuuripreemiad.ee\/wp-content\/uploads\/2023\/12\/KulKa_arhitektuuripreemia_Eesti_arhitektuuripreemiad_2023_foto_Raul-Mee-84-scaled.jpg\" alt=\"\" width=\"2560\" height=\"1733\" data-srcset=\"https:\/\/arhitektuuripreemiad.ee\/wp-content\/uploads\/2023\/12\/KulKa_arhitektuuripreemia_Eesti_arhitektuuripreemiad_2023_foto_Raul-Mee-84-scaled.jpg 2560w, https:\/\/arhitektuuripreemiad.ee\/wp-content\/uploads\/2023\/12\/KulKa_arhitektuuripreemia_Eesti_arhitektuuripreemiad_2023_foto_Raul-Mee-84-300x203.jpg 300w, https:\/\/arhitektuuripreemiad.ee\/wp-content\/uploads\/2023\/12\/KulKa_arhitektuuripreemia_Eesti_arhitektuuripreemiad_2023_foto_Raul-Mee-84-1024x693.jpg 1024w, https:\/\/arhitektuuripreemiad.ee\/wp-content\/uploads\/2023\/12\/KulKa_arhitektuuripreemia_Eesti_arhitektuuripreemiad_2023_foto_Raul-Mee-84-768x520.jpg 768w, https:\/\/arhitektuuripreemiad.ee\/wp-content\/uploads\/2023\/12\/KulKa_arhitektuuripreemia_Eesti_arhitektuuripreemiad_2023_foto_Raul-Mee-84-1536x1040.jpg 1536w, https:\/\/arhitektuuripreemiad.ee\/wp-content\/uploads\/2023\/12\/KulKa_arhitektuuripreemia_Eesti_arhitektuuripreemiad_2023_foto_Raul-Mee-84-2048x1386.jpg 2048w, https:\/\/arhitektuuripreemiad.ee\/wp-content\/uploads\/2023\/12\/KulKa_arhitektuuripreemia_Eesti_arhitektuuripreemiad_2023_foto_Raul-Mee-84-1920x1300.jpg 1920w\" data-sizes=\"(max-width: 2560px) 100vw, 2560px\" src=\"data:image\/gif;base64,R0lGODlhAQABAAAAACH5BAEKAAEALAAAAAABAAEAAAICTAEAOw==\" style=\"--smush-placeholder-width: 2560px; --smush-placeholder-aspect-ratio: 2560\/1733;\" \/><noscript><img loading=\"lazy\" decoding=\"async\" class=\"alignnone size-full wp-image-9614\" src=\"https:\/\/arhitektuuripreemiad.ee\/wp-content\/uploads\/2023\/12\/KulKa_arhitektuuripreemia_Eesti_arhitektuuripreemiad_2023_foto_Raul-Mee-84-scaled.jpg\" alt=\"\" width=\"2560\" height=\"1733\" srcset=\"https:\/\/arhitektuuripreemiad.ee\/wp-content\/uploads\/2023\/12\/KulKa_arhitektuuripreemia_Eesti_arhitektuuripreemiad_2023_foto_Raul-Mee-84-scaled.jpg 2560w, https:\/\/arhitektuuripreemiad.ee\/wp-content\/uploads\/2023\/12\/KulKa_arhitektuuripreemia_Eesti_arhitektuuripreemiad_2023_foto_Raul-Mee-84-300x203.jpg 300w, https:\/\/arhitektuuripreemiad.ee\/wp-content\/uploads\/2023\/12\/KulKa_arhitektuuripreemia_Eesti_arhitektuuripreemiad_2023_foto_Raul-Mee-84-1024x693.jpg 1024w, https:\/\/arhitektuuripreemiad.ee\/wp-content\/uploads\/2023\/12\/KulKa_arhitektuuripreemia_Eesti_arhitektuuripreemiad_2023_foto_Raul-Mee-84-768x520.jpg 768w, https:\/\/arhitektuuripreemiad.ee\/wp-content\/uploads\/2023\/12\/KulKa_arhitektuuripreemia_Eesti_arhitektuuripreemiad_2023_foto_Raul-Mee-84-1536x1040.jpg 1536w, https:\/\/arhitektuuripreemiad.ee\/wp-content\/uploads\/2023\/12\/KulKa_arhitektuuripreemia_Eesti_arhitektuuripreemiad_2023_foto_Raul-Mee-84-2048x1386.jpg 2048w, https:\/\/arhitektuuripreemiad.ee\/wp-content\/uploads\/2023\/12\/KulKa_arhitektuuripreemia_Eesti_arhitektuuripreemiad_2023_foto_Raul-Mee-84-1920x1300.jpg 1920w\" sizes=\"(max-width: 2560px) 100vw, 2560px\" \/><\/noscript><\/p>\n<p style=\"font-weight: 400;\">Pelgulinna State Secondary School is an example of how wood is an excellent material to create an environment that supports learning and development. As much as 85% of the Pelgulinna school building is made of wood. Since it is a public building, it sets an example and\u00a0encourages also other developers and architects\u00a0\u2013 wood can be used in large-scale buildings. Pelgulinna State Secondary School brings\u00a0together excellent conditions for students and teachers and independent architectural quality\u00a0with its impressive architectonics also shaping the surrounding area.<\/p>\n<p style=\"font-weight: 400;\"><strong>The award for the Activity in the Field of Architecture went to <\/strong><a href=\"https:\/\/www.dropbox.com\/scl\/fi\/it9ry4ywrj318pixt9sv0\/arh_Toomas_Paaver_1_PiiaRuber.jpeg?rlkey=jotcpdrxccl8egkodpjcv9l4d&amp;dl=0\"><strong>Toomas Paaver<\/strong><\/a><strong>, <\/strong>\u00a0who has worked as an architect in places where his colleagues have not really wanted\u00a0to go and with topics that tend to remain in the background: developed national planning at the\u00a0Ministry of the Interior, worked as a city architect, drawn up competition briefs and study\u00a0materials, conducted research, familiarised himself with legislative drafting and represented\u00a0civil associations in numerous planning wranglings. \u00a0His action has steered spaces that are not\u00a0born yet. Traces of his activity are present in various built environments where we may not even suspect\u00a0it. For example, architects now study in the new building of the Estonian Academy of Arts that\u00a0is based on the brief drawn up by him in 2014. Or, for about ten years already, the Estonian\u00a0architecture competition guidelines forming the basis\u00a0for most of the local architecture\u00a0competitions\u00a0have relied on his wording and structure. Toomas Paaver, the winner of the award for the activity in the field of architecture, is in a\u00a0league of his own in Estonian architecture\u00a0\u2013 there is currently no other architect with such a\u00a0sense of mission working in public interest and not only conceptualising architecture from the\u00a0public perspective but also practising\u00a0it\u00a0from the given position.<\/p>\n<p style=\"font-weight: 400;\"><img loading=\"lazy\" decoding=\"async\" class=\"alignnone size-full wp-image-9620 lazyload\" data-src=\"https:\/\/arhitektuuripreemiad.ee\/wp-content\/uploads\/2023\/12\/KulKa_tegevuspreemia_Eesti_arhitektuuripreemiad_2023_foto_Raul-Mee-107-scaled.jpg\" alt=\"\" width=\"2560\" height=\"1804\" data-srcset=\"https:\/\/arhitektuuripreemiad.ee\/wp-content\/uploads\/2023\/12\/KulKa_tegevuspreemia_Eesti_arhitektuuripreemiad_2023_foto_Raul-Mee-107-scaled.jpg 2560w, https:\/\/arhitektuuripreemiad.ee\/wp-content\/uploads\/2023\/12\/KulKa_tegevuspreemia_Eesti_arhitektuuripreemiad_2023_foto_Raul-Mee-107-300x211.jpg 300w, https:\/\/arhitektuuripreemiad.ee\/wp-content\/uploads\/2023\/12\/KulKa_tegevuspreemia_Eesti_arhitektuuripreemiad_2023_foto_Raul-Mee-107-1024x722.jpg 1024w, https:\/\/arhitektuuripreemiad.ee\/wp-content\/uploads\/2023\/12\/KulKa_tegevuspreemia_Eesti_arhitektuuripreemiad_2023_foto_Raul-Mee-107-768x541.jpg 768w, https:\/\/arhitektuuripreemiad.ee\/wp-content\/uploads\/2023\/12\/KulKa_tegevuspreemia_Eesti_arhitektuuripreemiad_2023_foto_Raul-Mee-107-1536x1082.jpg 1536w, https:\/\/arhitektuuripreemiad.ee\/wp-content\/uploads\/2023\/12\/KulKa_tegevuspreemia_Eesti_arhitektuuripreemiad_2023_foto_Raul-Mee-107-2048x1443.jpg 2048w, https:\/\/arhitektuuripreemiad.ee\/wp-content\/uploads\/2023\/12\/KulKa_tegevuspreemia_Eesti_arhitektuuripreemiad_2023_foto_Raul-Mee-107-1920x1353.jpg 1920w\" data-sizes=\"(max-width: 2560px) 100vw, 2560px\" src=\"data:image\/gif;base64,R0lGODlhAQABAAAAACH5BAEKAAEALAAAAAABAAEAAAICTAEAOw==\" style=\"--smush-placeholder-width: 2560px; --smush-placeholder-aspect-ratio: 2560\/1804;\" \/><noscript><img loading=\"lazy\" decoding=\"async\" class=\"alignnone size-full wp-image-9620\" src=\"https:\/\/arhitektuuripreemiad.ee\/wp-content\/uploads\/2023\/12\/KulKa_tegevuspreemia_Eesti_arhitektuuripreemiad_2023_foto_Raul-Mee-107-scaled.jpg\" alt=\"\" width=\"2560\" height=\"1804\" srcset=\"https:\/\/arhitektuuripreemiad.ee\/wp-content\/uploads\/2023\/12\/KulKa_tegevuspreemia_Eesti_arhitektuuripreemiad_2023_foto_Raul-Mee-107-scaled.jpg 2560w, https:\/\/arhitektuuripreemiad.ee\/wp-content\/uploads\/2023\/12\/KulKa_tegevuspreemia_Eesti_arhitektuuripreemiad_2023_foto_Raul-Mee-107-300x211.jpg 300w, https:\/\/arhitektuuripreemiad.ee\/wp-content\/uploads\/2023\/12\/KulKa_tegevuspreemia_Eesti_arhitektuuripreemiad_2023_foto_Raul-Mee-107-1024x722.jpg 1024w, https:\/\/arhitektuuripreemiad.ee\/wp-content\/uploads\/2023\/12\/KulKa_tegevuspreemia_Eesti_arhitektuuripreemiad_2023_foto_Raul-Mee-107-768x541.jpg 768w, https:\/\/arhitektuuripreemiad.ee\/wp-content\/uploads\/2023\/12\/KulKa_tegevuspreemia_Eesti_arhitektuuripreemiad_2023_foto_Raul-Mee-107-1536x1082.jpg 1536w, https:\/\/arhitektuuripreemiad.ee\/wp-content\/uploads\/2023\/12\/KulKa_tegevuspreemia_Eesti_arhitektuuripreemiad_2023_foto_Raul-Mee-107-2048x1443.jpg 2048w, https:\/\/arhitektuuripreemiad.ee\/wp-content\/uploads\/2023\/12\/KulKa_tegevuspreemia_Eesti_arhitektuuripreemiad_2023_foto_Raul-Mee-107-1920x1353.jpg 1920w\" sizes=\"(max-width: 2560px) 100vw, 2560px\" \/><\/noscript><\/p>\n<p style=\"font-weight: 400;\"><strong>The Exhibition Award went to the exhibition <\/strong><a href=\"https:\/\/www.dropbox.com\/scl\/fo\/51trv4adu5c4eszhkmsp7\/h?rlkey=ir4zjhj1h84p6ptl94ypq8b2l&amp;dl=0\"><strong>\u201cForecast and Fantasy: Architecture Without Borders, 1960s to 1980s\u201d<\/strong><\/a><strong>. <\/strong>Curators: Andres Kurg, Mari Laanemets. Exhibition design: Kaisa S\u00f6\u00f6t. Graphic design: Indrek Sirkel.<\/p>\n<p style=\"font-weight: 400;\"><img loading=\"lazy\" decoding=\"async\" class=\"alignnone size-full wp-image-9616 lazyload\" data-src=\"https:\/\/arhitektuuripreemiad.ee\/wp-content\/uploads\/2023\/12\/KulKa_naitusepreemia_Eesti_arhitektuuripreemiad_2023_foto_Raul-Mee-67-scaled.jpg\" alt=\"\" width=\"2560\" height=\"1766\" data-srcset=\"https:\/\/arhitektuuripreemiad.ee\/wp-content\/uploads\/2023\/12\/KulKa_naitusepreemia_Eesti_arhitektuuripreemiad_2023_foto_Raul-Mee-67-scaled.jpg 2560w, https:\/\/arhitektuuripreemiad.ee\/wp-content\/uploads\/2023\/12\/KulKa_naitusepreemia_Eesti_arhitektuuripreemiad_2023_foto_Raul-Mee-67-300x207.jpg 300w, https:\/\/arhitektuuripreemiad.ee\/wp-content\/uploads\/2023\/12\/KulKa_naitusepreemia_Eesti_arhitektuuripreemiad_2023_foto_Raul-Mee-67-1024x706.jpg 1024w, https:\/\/arhitektuuripreemiad.ee\/wp-content\/uploads\/2023\/12\/KulKa_naitusepreemia_Eesti_arhitektuuripreemiad_2023_foto_Raul-Mee-67-768x530.jpg 768w, https:\/\/arhitektuuripreemiad.ee\/wp-content\/uploads\/2023\/12\/KulKa_naitusepreemia_Eesti_arhitektuuripreemiad_2023_foto_Raul-Mee-67-1536x1059.jpg 1536w, https:\/\/arhitektuuripreemiad.ee\/wp-content\/uploads\/2023\/12\/KulKa_naitusepreemia_Eesti_arhitektuuripreemiad_2023_foto_Raul-Mee-67-2048x1413.jpg 2048w, https:\/\/arhitektuuripreemiad.ee\/wp-content\/uploads\/2023\/12\/KulKa_naitusepreemia_Eesti_arhitektuuripreemiad_2023_foto_Raul-Mee-67-1920x1324.jpg 1920w\" data-sizes=\"(max-width: 2560px) 100vw, 2560px\" src=\"data:image\/gif;base64,R0lGODlhAQABAAAAACH5BAEKAAEALAAAAAABAAEAAAICTAEAOw==\" style=\"--smush-placeholder-width: 2560px; --smush-placeholder-aspect-ratio: 2560\/1766;\" \/><noscript><img loading=\"lazy\" decoding=\"async\" class=\"alignnone size-full wp-image-9616\" src=\"https:\/\/arhitektuuripreemiad.ee\/wp-content\/uploads\/2023\/12\/KulKa_naitusepreemia_Eesti_arhitektuuripreemiad_2023_foto_Raul-Mee-67-scaled.jpg\" alt=\"\" width=\"2560\" height=\"1766\" srcset=\"https:\/\/arhitektuuripreemiad.ee\/wp-content\/uploads\/2023\/12\/KulKa_naitusepreemia_Eesti_arhitektuuripreemiad_2023_foto_Raul-Mee-67-scaled.jpg 2560w, https:\/\/arhitektuuripreemiad.ee\/wp-content\/uploads\/2023\/12\/KulKa_naitusepreemia_Eesti_arhitektuuripreemiad_2023_foto_Raul-Mee-67-300x207.jpg 300w, https:\/\/arhitektuuripreemiad.ee\/wp-content\/uploads\/2023\/12\/KulKa_naitusepreemia_Eesti_arhitektuuripreemiad_2023_foto_Raul-Mee-67-1024x706.jpg 1024w, https:\/\/arhitektuuripreemiad.ee\/wp-content\/uploads\/2023\/12\/KulKa_naitusepreemia_Eesti_arhitektuuripreemiad_2023_foto_Raul-Mee-67-768x530.jpg 768w, https:\/\/arhitektuuripreemiad.ee\/wp-content\/uploads\/2023\/12\/KulKa_naitusepreemia_Eesti_arhitektuuripreemiad_2023_foto_Raul-Mee-67-1536x1059.jpg 1536w, https:\/\/arhitektuuripreemiad.ee\/wp-content\/uploads\/2023\/12\/KulKa_naitusepreemia_Eesti_arhitektuuripreemiad_2023_foto_Raul-Mee-67-2048x1413.jpg 2048w, https:\/\/arhitektuuripreemiad.ee\/wp-content\/uploads\/2023\/12\/KulKa_naitusepreemia_Eesti_arhitektuuripreemiad_2023_foto_Raul-Mee-67-1920x1324.jpg 1920w\" sizes=\"(max-width: 2560px) 100vw, 2560px\" \/><\/noscript><\/p>\n<p style=\"font-weight: 400;\">At the research exhibition \u2018Forecast and Fantasy\u2019 acuteness and intellectual depth could be experienced. \u00a0Focusing\u00a0on East-European conceptual architecture and drawing it together with selected parallels from the\u00a0West, this exhibition presented a new reading of the so-called \u2018postmodern turn\u2019 in\u00a0architecture that\u00a0took place during the 1960s to the 1980s. During the Cold War,\u00a0both\u00a0in the East and the West, the race in science and technology corresponded\u00a0with a vision for a\u00a0new kind of future that would be radically different from the present. Scientists modelled various scenarios of what was to come. Ironically, in retrospect the forecasts made during that period tended to show not so much what was\u00a0to come in the future but rather the intellectual and imaginary paradigms of their present.<\/p>\n<p style=\"font-weight: 400;\"><em>The jury of the architecture endowment of the Cultural Endowment of Estonia included architects Emil Urbel and Kai S\u00fcda, designers Eva Liisa Kubinyi, Marit Ilison and Kristjan M\u00e4ndmaa and <\/em><em>architectural researcher Epp Lankots and architectural historian Mait V\u00e4ljas.<\/em><\/p>\n<p style=\"font-weight: 400;\"><strong>The Association of Estonian Architects awarded an annual Architect Award, a Residential Building Award, and a Student Award:<\/strong><\/p>\n<p style=\"font-weight: 400;\"><strong>Annual Architect Award<\/strong><strong> 2023 went to <\/strong><a href=\"https:\/\/www.dropbox.com\/scl\/fo\/rc9hej53ge3q5vbp1bn28\/h?rlkey=b5eod6w17yixil8zlii43jaon&amp;dl=0\"><strong>Paide Secondary School<\/strong><\/a><strong>. <\/strong>Architecture Ralf L\u00f5oke, Maarja Kask, Helina Lass, Ragnar P\u00f5llukivi, Martin McLean (Salto AB). Interior architecture: Birgit Palk, Tarmo Piirmets, Raul Tiitus (Pink).<\/p>\n<p><img loading=\"lazy\" decoding=\"async\" class=\"alignnone size-full wp-image-9595 lazyload\" data-src=\"https:\/\/arhitektuuripreemiad.ee\/wp-content\/uploads\/2023\/12\/EALi_arhitekti_aastapreemia_Eesti_arhitektuuripreemiad_2023_foto_Raul-Mee-82-scaled.jpg\" alt=\"\" width=\"2560\" height=\"1666\" data-srcset=\"https:\/\/arhitektuuripreemiad.ee\/wp-content\/uploads\/2023\/12\/EALi_arhitekti_aastapreemia_Eesti_arhitektuuripreemiad_2023_foto_Raul-Mee-82-scaled.jpg 2560w, https:\/\/arhitektuuripreemiad.ee\/wp-content\/uploads\/2023\/12\/EALi_arhitekti_aastapreemia_Eesti_arhitektuuripreemiad_2023_foto_Raul-Mee-82-300x195.jpg 300w, https:\/\/arhitektuuripreemiad.ee\/wp-content\/uploads\/2023\/12\/EALi_arhitekti_aastapreemia_Eesti_arhitektuuripreemiad_2023_foto_Raul-Mee-82-1024x667.jpg 1024w, https:\/\/arhitektuuripreemiad.ee\/wp-content\/uploads\/2023\/12\/EALi_arhitekti_aastapreemia_Eesti_arhitektuuripreemiad_2023_foto_Raul-Mee-82-768x500.jpg 768w, https:\/\/arhitektuuripreemiad.ee\/wp-content\/uploads\/2023\/12\/EALi_arhitekti_aastapreemia_Eesti_arhitektuuripreemiad_2023_foto_Raul-Mee-82-1536x1000.jpg 1536w, https:\/\/arhitektuuripreemiad.ee\/wp-content\/uploads\/2023\/12\/EALi_arhitekti_aastapreemia_Eesti_arhitektuuripreemiad_2023_foto_Raul-Mee-82-2048x1333.jpg 2048w, https:\/\/arhitektuuripreemiad.ee\/wp-content\/uploads\/2023\/12\/EALi_arhitekti_aastapreemia_Eesti_arhitektuuripreemiad_2023_foto_Raul-Mee-82-1920x1250.jpg 1920w\" data-sizes=\"(max-width: 2560px) 100vw, 2560px\" src=\"data:image\/gif;base64,R0lGODlhAQABAAAAACH5BAEKAAEALAAAAAABAAEAAAICTAEAOw==\" style=\"--smush-placeholder-width: 2560px; --smush-placeholder-aspect-ratio: 2560\/1666;\" \/><noscript><img loading=\"lazy\" decoding=\"async\" class=\"alignnone size-full wp-image-9595\" src=\"https:\/\/arhitektuuripreemiad.ee\/wp-content\/uploads\/2023\/12\/EALi_arhitekti_aastapreemia_Eesti_arhitektuuripreemiad_2023_foto_Raul-Mee-82-scaled.jpg\" alt=\"\" width=\"2560\" height=\"1666\" srcset=\"https:\/\/arhitektuuripreemiad.ee\/wp-content\/uploads\/2023\/12\/EALi_arhitekti_aastapreemia_Eesti_arhitektuuripreemiad_2023_foto_Raul-Mee-82-scaled.jpg 2560w, https:\/\/arhitektuuripreemiad.ee\/wp-content\/uploads\/2023\/12\/EALi_arhitekti_aastapreemia_Eesti_arhitektuuripreemiad_2023_foto_Raul-Mee-82-300x195.jpg 300w, https:\/\/arhitektuuripreemiad.ee\/wp-content\/uploads\/2023\/12\/EALi_arhitekti_aastapreemia_Eesti_arhitektuuripreemiad_2023_foto_Raul-Mee-82-1024x667.jpg 1024w, https:\/\/arhitektuuripreemiad.ee\/wp-content\/uploads\/2023\/12\/EALi_arhitekti_aastapreemia_Eesti_arhitektuuripreemiad_2023_foto_Raul-Mee-82-768x500.jpg 768w, https:\/\/arhitektuuripreemiad.ee\/wp-content\/uploads\/2023\/12\/EALi_arhitekti_aastapreemia_Eesti_arhitektuuripreemiad_2023_foto_Raul-Mee-82-1536x1000.jpg 1536w, https:\/\/arhitektuuripreemiad.ee\/wp-content\/uploads\/2023\/12\/EALi_arhitekti_aastapreemia_Eesti_arhitektuuripreemiad_2023_foto_Raul-Mee-82-2048x1333.jpg 2048w, https:\/\/arhitektuuripreemiad.ee\/wp-content\/uploads\/2023\/12\/EALi_arhitekti_aastapreemia_Eesti_arhitektuuripreemiad_2023_foto_Raul-Mee-82-1920x1250.jpg 1920w\" sizes=\"(max-width: 2560px) 100vw, 2560px\" \/><\/noscript><\/p>\n<p style=\"font-weight: 400;\">The former girls\u2019\u00a0school building is one of the most beautiful historical school buildings in\u00a0Estonia.\u00a0The school building is located in a beautiful natural location, On the slope of the hill near the ruins of Paide Order Castle and the park around it. The design of the new\u00a0school was not supposed to compete with the existing building, but rather highlight it with its\u00a0simple form and position. An important role in the symbiosis of the old and the new was played\u00a0by the relief of the plot, allowing to play with the height of floors. The sloped ceilings bring the public areas on three levels\u00a0visually together into a large living-room-like space, while the pitched roofs outside have a\u00a0mellow small-town-like feel next to the gabled roofs of the neighbouring plot. The new building is highly inspiring with the accentuated diverse space stretching over various levels\u00a0and inviting you to move, use it and communicate with its other users.\u00a0Paide school aligns the entire\u00a0plot, creates a cosy courtyard are as well as a public connecting path between Posti and Valli Streets. Familiar features from Salto\u2019s earlier Works are also the connections between the building and\u00a0the new landscape as well as the roof landscape in the form of steps.\u00a0If in case of\u00a0some earlier buildings they needed to create the landscape themselves, then the plot in Paide\u00a0already included intriguing features in the relief with the difference in height\u00a0near the moat reaching\u00a0up to 5 meters.<\/p>\n<p style=\"font-weight: 400;\"><strong>Residential Building Award<\/strong> <strong>2023 went to <\/strong><a href=\"https:\/\/www.dropbox.com\/scl\/fo\/tb918cjylzkge7nkb0njo\/h?rlkey=w98jxpktxg7je6c1ff9j8nlrp&amp;dl=0\"><strong>P\u00f5ro House<\/strong><\/a><strong>. <\/strong>Architecture, landscape architecture: Mari Hunt, Hanna Karits.<\/p>\n<p><img loading=\"lazy\" decoding=\"async\" class=\"alignnone size-full wp-image-9597 lazyload\" data-src=\"https:\/\/arhitektuuripreemiad.ee\/wp-content\/uploads\/2023\/12\/EALi_elamu_preemia_Eesti_arhitektuuripreemiad_2023_foto_Raul-Mee-98-scaled.jpg\" alt=\"\" width=\"2560\" height=\"1804\" data-srcset=\"https:\/\/arhitektuuripreemiad.ee\/wp-content\/uploads\/2023\/12\/EALi_elamu_preemia_Eesti_arhitektuuripreemiad_2023_foto_Raul-Mee-98-scaled.jpg 2560w, https:\/\/arhitektuuripreemiad.ee\/wp-content\/uploads\/2023\/12\/EALi_elamu_preemia_Eesti_arhitektuuripreemiad_2023_foto_Raul-Mee-98-300x211.jpg 300w, https:\/\/arhitektuuripreemiad.ee\/wp-content\/uploads\/2023\/12\/EALi_elamu_preemia_Eesti_arhitektuuripreemiad_2023_foto_Raul-Mee-98-1024x722.jpg 1024w, https:\/\/arhitektuuripreemiad.ee\/wp-content\/uploads\/2023\/12\/EALi_elamu_preemia_Eesti_arhitektuuripreemiad_2023_foto_Raul-Mee-98-768x541.jpg 768w, https:\/\/arhitektuuripreemiad.ee\/wp-content\/uploads\/2023\/12\/EALi_elamu_preemia_Eesti_arhitektuuripreemiad_2023_foto_Raul-Mee-98-1536x1082.jpg 1536w, https:\/\/arhitektuuripreemiad.ee\/wp-content\/uploads\/2023\/12\/EALi_elamu_preemia_Eesti_arhitektuuripreemiad_2023_foto_Raul-Mee-98-2048x1443.jpg 2048w, https:\/\/arhitektuuripreemiad.ee\/wp-content\/uploads\/2023\/12\/EALi_elamu_preemia_Eesti_arhitektuuripreemiad_2023_foto_Raul-Mee-98-1920x1353.jpg 1920w\" data-sizes=\"(max-width: 2560px) 100vw, 2560px\" src=\"data:image\/gif;base64,R0lGODlhAQABAAAAACH5BAEKAAEALAAAAAABAAEAAAICTAEAOw==\" style=\"--smush-placeholder-width: 2560px; --smush-placeholder-aspect-ratio: 2560\/1804;\" \/><noscript><img loading=\"lazy\" decoding=\"async\" class=\"alignnone size-full wp-image-9597\" src=\"https:\/\/arhitektuuripreemiad.ee\/wp-content\/uploads\/2023\/12\/EALi_elamu_preemia_Eesti_arhitektuuripreemiad_2023_foto_Raul-Mee-98-scaled.jpg\" alt=\"\" width=\"2560\" height=\"1804\" srcset=\"https:\/\/arhitektuuripreemiad.ee\/wp-content\/uploads\/2023\/12\/EALi_elamu_preemia_Eesti_arhitektuuripreemiad_2023_foto_Raul-Mee-98-scaled.jpg 2560w, https:\/\/arhitektuuripreemiad.ee\/wp-content\/uploads\/2023\/12\/EALi_elamu_preemia_Eesti_arhitektuuripreemiad_2023_foto_Raul-Mee-98-300x211.jpg 300w, https:\/\/arhitektuuripreemiad.ee\/wp-content\/uploads\/2023\/12\/EALi_elamu_preemia_Eesti_arhitektuuripreemiad_2023_foto_Raul-Mee-98-1024x722.jpg 1024w, https:\/\/arhitektuuripreemiad.ee\/wp-content\/uploads\/2023\/12\/EALi_elamu_preemia_Eesti_arhitektuuripreemiad_2023_foto_Raul-Mee-98-768x541.jpg 768w, https:\/\/arhitektuuripreemiad.ee\/wp-content\/uploads\/2023\/12\/EALi_elamu_preemia_Eesti_arhitektuuripreemiad_2023_foto_Raul-Mee-98-1536x1082.jpg 1536w, https:\/\/arhitektuuripreemiad.ee\/wp-content\/uploads\/2023\/12\/EALi_elamu_preemia_Eesti_arhitektuuripreemiad_2023_foto_Raul-Mee-98-2048x1443.jpg 2048w, https:\/\/arhitektuuripreemiad.ee\/wp-content\/uploads\/2023\/12\/EALi_elamu_preemia_Eesti_arhitektuuripreemiad_2023_foto_Raul-Mee-98-1920x1353.jpg 1920w\" sizes=\"(max-width: 2560px) 100vw, 2560px\" \/><\/noscript><\/p>\n<p style=\"font-weight: 400;\">P\u00f5ro farm is located in the midst of the deep lakes, old-growth forests and golden rolling hillocks in\u00a0R\u00f5uge.\u00a0\u00a0An impetus for the restoration of old historical buildings came from grandmother whose\u00a0fine example\u00a0also inspired the younger generation who wished to build a new house on\u00a0the old\u00a0rubble cellar walls that allowed to restore the former farmyard layout.\u00a0P\u00f5ro house can be called a construction within a 30-kilometer radius \u2013 the entire construction team is local and the material for the house also came from the nearby forest. Historical substance, architecture and interior elements and built-in furniture are interwoven into\u00a0one whole, simultaneously honouring the heritage of the past and creating a beautiful contemporary\u00a0space.\u00a0\u00a0The task of the building seems quite simple, but its unexpected solution shows that\u00a0there was a close cooperation between the client, the architect, the interior architect, and the\u00a0craftsmen, maybe even a perfect match, which has resulted in an effective building core where every\u00a0turn of the client seems considered. \u00a0Thought through functionality in combination with sensitive use\u00a0of materials makes excellent and unique result of seemingly common typology.<\/p>\n<p style=\"font-weight: 400;\"><strong>Student Award went to <\/strong><a href=\"https:\/\/www.dropbox.com\/scl\/fo\/avx8i3tvrvcypzjvgehhp\/h?rlkey=ltwg6v5eo7oe853tm1g0tqoet&amp;dl=0\"><strong>Kertu Johanna J\u00f5este\u00a0<\/strong><\/a><strong>and her Master\u2019s thesis <\/strong>\u201cReciprocal Timber Frame\u00a0Structures\u201d.The core of her thesis is the construction method named in the title discussed in the context of\u00a0cross-disciplinary design process, sustainability and material-based design<strong>. <\/strong>Through the\u00a0presentation of the construction method, Kertu draws attention to the importance of\u00a0the cooperation between architecture, engineering, and construction in the context of\u00a0sustainable architecture, linking it to the concepts of material-based, low-technology\u00a0as well as modular and adaptable design.<\/p>\n<p style=\"font-weight: 400;\"><img loading=\"lazy\" decoding=\"async\" class=\"alignnone size-full wp-image-9599 lazyload\" data-src=\"https:\/\/arhitektuuripreemiad.ee\/wp-content\/uploads\/2023\/12\/EALi_tudengipreemia_Eesti_arhitektuuripreemiad_2023_foto_Raul-Mee-111-scaled.jpg\" alt=\"\" width=\"2560\" height=\"1929\" data-srcset=\"https:\/\/arhitektuuripreemiad.ee\/wp-content\/uploads\/2023\/12\/EALi_tudengipreemia_Eesti_arhitektuuripreemiad_2023_foto_Raul-Mee-111-scaled.jpg 2560w, https:\/\/arhitektuuripreemiad.ee\/wp-content\/uploads\/2023\/12\/EALi_tudengipreemia_Eesti_arhitektuuripreemiad_2023_foto_Raul-Mee-111-300x226.jpg 300w, https:\/\/arhitektuuripreemiad.ee\/wp-content\/uploads\/2023\/12\/EALi_tudengipreemia_Eesti_arhitektuuripreemiad_2023_foto_Raul-Mee-111-1024x771.jpg 1024w, https:\/\/arhitektuuripreemiad.ee\/wp-content\/uploads\/2023\/12\/EALi_tudengipreemia_Eesti_arhitektuuripreemiad_2023_foto_Raul-Mee-111-768x579.jpg 768w, https:\/\/arhitektuuripreemiad.ee\/wp-content\/uploads\/2023\/12\/EALi_tudengipreemia_Eesti_arhitektuuripreemiad_2023_foto_Raul-Mee-111-1536x1157.jpg 1536w, https:\/\/arhitektuuripreemiad.ee\/wp-content\/uploads\/2023\/12\/EALi_tudengipreemia_Eesti_arhitektuuripreemiad_2023_foto_Raul-Mee-111-2048x1543.jpg 2048w, https:\/\/arhitektuuripreemiad.ee\/wp-content\/uploads\/2023\/12\/EALi_tudengipreemia_Eesti_arhitektuuripreemiad_2023_foto_Raul-Mee-111-1920x1446.jpg 1920w\" data-sizes=\"(max-width: 2560px) 100vw, 2560px\" src=\"data:image\/gif;base64,R0lGODlhAQABAAAAACH5BAEKAAEALAAAAAABAAEAAAICTAEAOw==\" style=\"--smush-placeholder-width: 2560px; --smush-placeholder-aspect-ratio: 2560\/1929;\" \/><noscript><img loading=\"lazy\" decoding=\"async\" class=\"alignnone size-full wp-image-9599\" src=\"https:\/\/arhitektuuripreemiad.ee\/wp-content\/uploads\/2023\/12\/EALi_tudengipreemia_Eesti_arhitektuuripreemiad_2023_foto_Raul-Mee-111-scaled.jpg\" alt=\"\" width=\"2560\" height=\"1929\" srcset=\"https:\/\/arhitektuuripreemiad.ee\/wp-content\/uploads\/2023\/12\/EALi_tudengipreemia_Eesti_arhitektuuripreemiad_2023_foto_Raul-Mee-111-scaled.jpg 2560w, https:\/\/arhitektuuripreemiad.ee\/wp-content\/uploads\/2023\/12\/EALi_tudengipreemia_Eesti_arhitektuuripreemiad_2023_foto_Raul-Mee-111-300x226.jpg 300w, https:\/\/arhitektuuripreemiad.ee\/wp-content\/uploads\/2023\/12\/EALi_tudengipreemia_Eesti_arhitektuuripreemiad_2023_foto_Raul-Mee-111-1024x771.jpg 1024w, https:\/\/arhitektuuripreemiad.ee\/wp-content\/uploads\/2023\/12\/EALi_tudengipreemia_Eesti_arhitektuuripreemiad_2023_foto_Raul-Mee-111-768x579.jpg 768w, https:\/\/arhitektuuripreemiad.ee\/wp-content\/uploads\/2023\/12\/EALi_tudengipreemia_Eesti_arhitektuuripreemiad_2023_foto_Raul-Mee-111-1536x1157.jpg 1536w, https:\/\/arhitektuuripreemiad.ee\/wp-content\/uploads\/2023\/12\/EALi_tudengipreemia_Eesti_arhitektuuripreemiad_2023_foto_Raul-Mee-111-2048x1543.jpg 2048w, https:\/\/arhitektuuripreemiad.ee\/wp-content\/uploads\/2023\/12\/EALi_tudengipreemia_Eesti_arhitektuuripreemiad_2023_foto_Raul-Mee-111-1920x1446.jpg 1920w\" sizes=\"(max-width: 2560px) 100vw, 2560px\" \/><\/noscript><\/p>\n<p style=\"font-weight: 400;\"><em>The best residential building was selected by a jury consisting of architects Joel Kopli and Madis Eek, interior architect Kadi Karmann, and external expert Linda Krumina from the Latvian architecture office MADE architect. The selection for the Annual Architect Award was made by Heike Hanada, a German architect and professor of architecture and urban planning at Dortmund University of Technology. The jury of the student award included architects Vahur Sova and Merilin Kaup and architectural researcher Epp Lankots.<\/em><\/p>\n<p style=\"font-weight: 400;\"><strong>The Estonian Association of Interior Architects issued two annual awards and a Vello Asi\u2019s name award for students:<\/strong><\/p>\n<p style=\"font-weight: 400;\"><strong>The laureate of the Interior Architecture Award 2023 is the interior architecture bureau Pink (Tarmo Piirmets, Anni Leo, Raul Tiitus and Birgit Palk)<\/strong>. Eminent interior architects work at the Pink bureau, whose portfolio includes several educational buildings. This year, they have been featured thanks to the interiors of the newly built <a href=\"https:\/\/www.dropbox.com\/scl\/fo\/85ekcrl80lr51dmdqoli7\/h?rlkey=scdgtqsh27vyvumhz9t9pddcc&amp;dl=0\">Pelgulinna<\/a>and <a href=\"https:\/\/www.dropbox.com\/scl\/fo\/rc9hej53ge3q5vbp1bn28\/h?rlkey=b5eod6w17yixil8zlii43jaon&amp;dl=0\">Paide<\/a> State Secondary Schools, which have been successful. Pink&#8217;s interior architects design schools with great care. Their desire is to create a complete environment, not to compete in concept with the exterior and space of the building. Cooperation with architects plays an important role. If initially opinions may differ, in a good team confrontation is one of the ways to reach the best result.<\/p>\n<p style=\"font-weight: 400;\"><strong><img loading=\"lazy\" decoding=\"async\" class=\"alignnone size-full wp-image-9608 lazyload\" data-src=\"https:\/\/arhitektuuripreemiad.ee\/wp-content\/uploads\/2023\/12\/ESLi_aastapreemia_Eesti_arhitektuuripreemiad_2023_foto_Raul-Mee-101-scaled.jpg\" alt=\"\" width=\"2560\" height=\"1794\" data-srcset=\"https:\/\/arhitektuuripreemiad.ee\/wp-content\/uploads\/2023\/12\/ESLi_aastapreemia_Eesti_arhitektuuripreemiad_2023_foto_Raul-Mee-101-scaled.jpg 2560w, https:\/\/arhitektuuripreemiad.ee\/wp-content\/uploads\/2023\/12\/ESLi_aastapreemia_Eesti_arhitektuuripreemiad_2023_foto_Raul-Mee-101-300x210.jpg 300w, https:\/\/arhitektuuripreemiad.ee\/wp-content\/uploads\/2023\/12\/ESLi_aastapreemia_Eesti_arhitektuuripreemiad_2023_foto_Raul-Mee-101-1024x717.jpg 1024w, https:\/\/arhitektuuripreemiad.ee\/wp-content\/uploads\/2023\/12\/ESLi_aastapreemia_Eesti_arhitektuuripreemiad_2023_foto_Raul-Mee-101-768x538.jpg 768w, https:\/\/arhitektuuripreemiad.ee\/wp-content\/uploads\/2023\/12\/ESLi_aastapreemia_Eesti_arhitektuuripreemiad_2023_foto_Raul-Mee-101-1536x1076.jpg 1536w, https:\/\/arhitektuuripreemiad.ee\/wp-content\/uploads\/2023\/12\/ESLi_aastapreemia_Eesti_arhitektuuripreemiad_2023_foto_Raul-Mee-101-2048x1435.jpg 2048w, https:\/\/arhitektuuripreemiad.ee\/wp-content\/uploads\/2023\/12\/ESLi_aastapreemia_Eesti_arhitektuuripreemiad_2023_foto_Raul-Mee-101-1920x1345.jpg 1920w\" data-sizes=\"(max-width: 2560px) 100vw, 2560px\" src=\"data:image\/gif;base64,R0lGODlhAQABAAAAACH5BAEKAAEALAAAAAABAAEAAAICTAEAOw==\" style=\"--smush-placeholder-width: 2560px; --smush-placeholder-aspect-ratio: 2560\/1794;\" \/><noscript><img loading=\"lazy\" decoding=\"async\" class=\"alignnone size-full wp-image-9608\" src=\"https:\/\/arhitektuuripreemiad.ee\/wp-content\/uploads\/2023\/12\/ESLi_aastapreemia_Eesti_arhitektuuripreemiad_2023_foto_Raul-Mee-101-scaled.jpg\" alt=\"\" width=\"2560\" height=\"1794\" srcset=\"https:\/\/arhitektuuripreemiad.ee\/wp-content\/uploads\/2023\/12\/ESLi_aastapreemia_Eesti_arhitektuuripreemiad_2023_foto_Raul-Mee-101-scaled.jpg 2560w, https:\/\/arhitektuuripreemiad.ee\/wp-content\/uploads\/2023\/12\/ESLi_aastapreemia_Eesti_arhitektuuripreemiad_2023_foto_Raul-Mee-101-300x210.jpg 300w, https:\/\/arhitektuuripreemiad.ee\/wp-content\/uploads\/2023\/12\/ESLi_aastapreemia_Eesti_arhitektuuripreemiad_2023_foto_Raul-Mee-101-1024x717.jpg 1024w, https:\/\/arhitektuuripreemiad.ee\/wp-content\/uploads\/2023\/12\/ESLi_aastapreemia_Eesti_arhitektuuripreemiad_2023_foto_Raul-Mee-101-768x538.jpg 768w, https:\/\/arhitektuuripreemiad.ee\/wp-content\/uploads\/2023\/12\/ESLi_aastapreemia_Eesti_arhitektuuripreemiad_2023_foto_Raul-Mee-101-1536x1076.jpg 1536w, https:\/\/arhitektuuripreemiad.ee\/wp-content\/uploads\/2023\/12\/ESLi_aastapreemia_Eesti_arhitektuuripreemiad_2023_foto_Raul-Mee-101-2048x1435.jpg 2048w, https:\/\/arhitektuuripreemiad.ee\/wp-content\/uploads\/2023\/12\/ESLi_aastapreemia_Eesti_arhitektuuripreemiad_2023_foto_Raul-Mee-101-1920x1345.jpg 1920w\" sizes=\"(max-width: 2560px) 100vw, 2560px\" \/><\/noscript>\u00a0<\/strong><\/p>\n<p style=\"font-weight: 400;\"><strong>The laureate of the Interior Architecture Award 2023 is interior architect<\/strong> <strong>Hanna Karits. <\/strong>Hanna Karits is an interior architect, whose personal handwriting and apt understanding of the client have drawn attention to her work for a long time. This year, three objects completed with the participation of Hanna Karits \u2013 the <a href=\"https:\/\/www.dropbox.com\/scl\/fi\/86ipm1qy71a7j3nfidulh\/Wiigi-maja-TonuTunnel_HannaKarits-Hanna-Karits.tif?rlkey=q2qjijbe5mevvvfdyd6yh5kts&amp;dl=0\">Wiigi house<\/a> in Haapsalu, the <a href=\"https:\/\/www.dropbox.com\/scl\/fi\/c0cxj1hnu6tbc98bgl0rg\/Bestwine2023-03-13_2060-Hanna-Karits.jpg?rlkey=3366yhwv0bljzujqxx0eb9eiq&amp;dl=0\">Bestwine<\/a> wine store and the <a href=\"https:\/\/www.dropbox.com\/scl\/fo\/tb918cjylzkge7nkb0njo\/h?rlkey=w98jxpktxg7je6c1ff9j8nlrp&amp;dl=0\">P\u00f5ro house<\/a> in South Estonia \u2013 have been highlighted in the annual awards competition of the Estonian Association of Interior Architects, and with good reason. These works exude thoughtfulness down to the last detail, refined taste and harmony between the new space, the existing environment, and the wishes of the customer.<\/p>\n<p><img loading=\"lazy\" decoding=\"async\" class=\"alignnone size-full wp-image-9610 lazyload\" data-src=\"https:\/\/arhitektuuripreemiad.ee\/wp-content\/uploads\/2023\/12\/ESLi_aastapreemia_Hanna_Karits_Eesti_arhitektuuripreemiad_2023_foto_Raul-Mee-61-scaled.jpg\" alt=\"\" width=\"2560\" height=\"1823\" data-srcset=\"https:\/\/arhitektuuripreemiad.ee\/wp-content\/uploads\/2023\/12\/ESLi_aastapreemia_Hanna_Karits_Eesti_arhitektuuripreemiad_2023_foto_Raul-Mee-61-scaled.jpg 2560w, https:\/\/arhitektuuripreemiad.ee\/wp-content\/uploads\/2023\/12\/ESLi_aastapreemia_Hanna_Karits_Eesti_arhitektuuripreemiad_2023_foto_Raul-Mee-61-300x214.jpg 300w, https:\/\/arhitektuuripreemiad.ee\/wp-content\/uploads\/2023\/12\/ESLi_aastapreemia_Hanna_Karits_Eesti_arhitektuuripreemiad_2023_foto_Raul-Mee-61-1024x729.jpg 1024w, https:\/\/arhitektuuripreemiad.ee\/wp-content\/uploads\/2023\/12\/ESLi_aastapreemia_Hanna_Karits_Eesti_arhitektuuripreemiad_2023_foto_Raul-Mee-61-768x547.jpg 768w, https:\/\/arhitektuuripreemiad.ee\/wp-content\/uploads\/2023\/12\/ESLi_aastapreemia_Hanna_Karits_Eesti_arhitektuuripreemiad_2023_foto_Raul-Mee-61-1536x1094.jpg 1536w, https:\/\/arhitektuuripreemiad.ee\/wp-content\/uploads\/2023\/12\/ESLi_aastapreemia_Hanna_Karits_Eesti_arhitektuuripreemiad_2023_foto_Raul-Mee-61-2048x1459.jpg 2048w, https:\/\/arhitektuuripreemiad.ee\/wp-content\/uploads\/2023\/12\/ESLi_aastapreemia_Hanna_Karits_Eesti_arhitektuuripreemiad_2023_foto_Raul-Mee-61-1920x1367.jpg 1920w\" data-sizes=\"(max-width: 2560px) 100vw, 2560px\" src=\"data:image\/gif;base64,R0lGODlhAQABAAAAACH5BAEKAAEALAAAAAABAAEAAAICTAEAOw==\" style=\"--smush-placeholder-width: 2560px; --smush-placeholder-aspect-ratio: 2560\/1823;\" \/><noscript><img loading=\"lazy\" decoding=\"async\" class=\"alignnone size-full wp-image-9610\" src=\"https:\/\/arhitektuuripreemiad.ee\/wp-content\/uploads\/2023\/12\/ESLi_aastapreemia_Hanna_Karits_Eesti_arhitektuuripreemiad_2023_foto_Raul-Mee-61-scaled.jpg\" alt=\"\" width=\"2560\" height=\"1823\" srcset=\"https:\/\/arhitektuuripreemiad.ee\/wp-content\/uploads\/2023\/12\/ESLi_aastapreemia_Hanna_Karits_Eesti_arhitektuuripreemiad_2023_foto_Raul-Mee-61-scaled.jpg 2560w, https:\/\/arhitektuuripreemiad.ee\/wp-content\/uploads\/2023\/12\/ESLi_aastapreemia_Hanna_Karits_Eesti_arhitektuuripreemiad_2023_foto_Raul-Mee-61-300x214.jpg 300w, https:\/\/arhitektuuripreemiad.ee\/wp-content\/uploads\/2023\/12\/ESLi_aastapreemia_Hanna_Karits_Eesti_arhitektuuripreemiad_2023_foto_Raul-Mee-61-1024x729.jpg 1024w, https:\/\/arhitektuuripreemiad.ee\/wp-content\/uploads\/2023\/12\/ESLi_aastapreemia_Hanna_Karits_Eesti_arhitektuuripreemiad_2023_foto_Raul-Mee-61-768x547.jpg 768w, https:\/\/arhitektuuripreemiad.ee\/wp-content\/uploads\/2023\/12\/ESLi_aastapreemia_Hanna_Karits_Eesti_arhitektuuripreemiad_2023_foto_Raul-Mee-61-1536x1094.jpg 1536w, https:\/\/arhitektuuripreemiad.ee\/wp-content\/uploads\/2023\/12\/ESLi_aastapreemia_Hanna_Karits_Eesti_arhitektuuripreemiad_2023_foto_Raul-Mee-61-2048x1459.jpg 2048w, https:\/\/arhitektuuripreemiad.ee\/wp-content\/uploads\/2023\/12\/ESLi_aastapreemia_Hanna_Karits_Eesti_arhitektuuripreemiad_2023_foto_Raul-Mee-61-1920x1367.jpg 1920w\" sizes=\"(max-width: 2560px) 100vw, 2560px\" \/><\/noscript><\/p>\n<p style=\"font-weight: 400;\"><strong>Vello Asi\u2019s name award for students<\/strong> <strong>went to Sven Samyn<\/strong>, 3rd year interior architecture student of the Estonian Academy of Arts. According to J\u00fcri Kermik, professor of the interior architecture department of the Estonian Academy of Arts, Sven is one of those good interior architecture students for whom studies have never been limited to just keeping up with the class schedule and showing their face in lectures. Sven has been able to develop active communication and a chain of events, during which the learning-teaching process turns into an interesting dialogue. It is in Sven&#8217;s nature to look for opportunities to create spatial added values through professional skills and creative means. It offers positive surprises to fellow students, lecturers, and Sven himself.<\/p>\n<p><img loading=\"lazy\" decoding=\"async\" class=\"alignnone size-full wp-image-9612 lazyload\" data-src=\"https:\/\/arhitektuuripreemiad.ee\/wp-content\/uploads\/2023\/12\/ESLi_tudengipreemia_Eesti_arhitektuuripreemiad_2023_foto_Raul-Mee-109-scaled.jpg\" alt=\"\" width=\"2560\" height=\"1827\" data-srcset=\"https:\/\/arhitektuuripreemiad.ee\/wp-content\/uploads\/2023\/12\/ESLi_tudengipreemia_Eesti_arhitektuuripreemiad_2023_foto_Raul-Mee-109-scaled.jpg 2560w, https:\/\/arhitektuuripreemiad.ee\/wp-content\/uploads\/2023\/12\/ESLi_tudengipreemia_Eesti_arhitektuuripreemiad_2023_foto_Raul-Mee-109-300x214.jpg 300w, https:\/\/arhitektuuripreemiad.ee\/wp-content\/uploads\/2023\/12\/ESLi_tudengipreemia_Eesti_arhitektuuripreemiad_2023_foto_Raul-Mee-109-1024x731.jpg 1024w, https:\/\/arhitektuuripreemiad.ee\/wp-content\/uploads\/2023\/12\/ESLi_tudengipreemia_Eesti_arhitektuuripreemiad_2023_foto_Raul-Mee-109-768x548.jpg 768w, https:\/\/arhitektuuripreemiad.ee\/wp-content\/uploads\/2023\/12\/ESLi_tudengipreemia_Eesti_arhitektuuripreemiad_2023_foto_Raul-Mee-109-1536x1096.jpg 1536w, https:\/\/arhitektuuripreemiad.ee\/wp-content\/uploads\/2023\/12\/ESLi_tudengipreemia_Eesti_arhitektuuripreemiad_2023_foto_Raul-Mee-109-2048x1462.jpg 2048w, https:\/\/arhitektuuripreemiad.ee\/wp-content\/uploads\/2023\/12\/ESLi_tudengipreemia_Eesti_arhitektuuripreemiad_2023_foto_Raul-Mee-109-1920x1370.jpg 1920w\" data-sizes=\"(max-width: 2560px) 100vw, 2560px\" src=\"data:image\/gif;base64,R0lGODlhAQABAAAAACH5BAEKAAEALAAAAAABAAEAAAICTAEAOw==\" style=\"--smush-placeholder-width: 2560px; --smush-placeholder-aspect-ratio: 2560\/1827;\" \/><noscript><img loading=\"lazy\" decoding=\"async\" class=\"alignnone size-full wp-image-9612\" src=\"https:\/\/arhitektuuripreemiad.ee\/wp-content\/uploads\/2023\/12\/ESLi_tudengipreemia_Eesti_arhitektuuripreemiad_2023_foto_Raul-Mee-109-scaled.jpg\" alt=\"\" width=\"2560\" height=\"1827\" srcset=\"https:\/\/arhitektuuripreemiad.ee\/wp-content\/uploads\/2023\/12\/ESLi_tudengipreemia_Eesti_arhitektuuripreemiad_2023_foto_Raul-Mee-109-scaled.jpg 2560w, https:\/\/arhitektuuripreemiad.ee\/wp-content\/uploads\/2023\/12\/ESLi_tudengipreemia_Eesti_arhitektuuripreemiad_2023_foto_Raul-Mee-109-300x214.jpg 300w, https:\/\/arhitektuuripreemiad.ee\/wp-content\/uploads\/2023\/12\/ESLi_tudengipreemia_Eesti_arhitektuuripreemiad_2023_foto_Raul-Mee-109-1024x731.jpg 1024w, https:\/\/arhitektuuripreemiad.ee\/wp-content\/uploads\/2023\/12\/ESLi_tudengipreemia_Eesti_arhitektuuripreemiad_2023_foto_Raul-Mee-109-768x548.jpg 768w, https:\/\/arhitektuuripreemiad.ee\/wp-content\/uploads\/2023\/12\/ESLi_tudengipreemia_Eesti_arhitektuuripreemiad_2023_foto_Raul-Mee-109-1536x1096.jpg 1536w, https:\/\/arhitektuuripreemiad.ee\/wp-content\/uploads\/2023\/12\/ESLi_tudengipreemia_Eesti_arhitektuuripreemiad_2023_foto_Raul-Mee-109-2048x1462.jpg 2048w, https:\/\/arhitektuuripreemiad.ee\/wp-content\/uploads\/2023\/12\/ESLi_tudengipreemia_Eesti_arhitektuuripreemiad_2023_foto_Raul-Mee-109-1920x1370.jpg 1920w\" sizes=\"(max-width: 2560px) 100vw, 2560px\" \/><\/noscript><\/p>\n<p style=\"font-weight: 400;\"><em>The jury of the Estonian Association of Interior Architects included architect Heleri N\u00f5mmik (Norway), interior architect Aulo Padar, interior architect Liina Langemets, architect Andres Ojari and art historian Eik Hermann.<\/em><\/p>\n<p style=\"font-weight: 400;\"><strong>Estonian Association of Landscape Architects<\/strong> <strong>issued three annual awards:<\/strong><\/p>\n<p style=\"font-weight: 400;\"><strong>Laureate of the annual award for landscape architecture 2023 \u2013 <\/strong><a href=\"https:\/\/www.dropbox.com\/scl\/fo\/verjyqp8cibd42k7j7kai\/h?rlkey=wvbl8ft5cvxn8g5q7en1gn8ly&amp;dl=0\"><strong>Uus-Veerenni park<\/strong><\/a><strong>. <\/strong>Landscape architecture: Juhan Teppart, Mirko Traks, Uku Mark P\u00e4rtel, Karin Bachmann, Katariina Lepiku, Kristjan Talistu, Liina-Kai Raivet (Kino maastikuarhitektid). Busts &#8220;Toys&#8221;: Jass Kaselaan.<\/p>\n<p><img loading=\"lazy\" decoding=\"async\" class=\"alignnone size-full wp-image-9604 lazyload\" data-src=\"https:\/\/arhitektuuripreemiad.ee\/wp-content\/uploads\/2023\/12\/EMALi_aastapreemia_Eesti_arhitektuuripreemiad_2023_foto_Raul-Mee-103-scaled.jpg\" alt=\"\" width=\"2560\" height=\"1814\" data-srcset=\"https:\/\/arhitektuuripreemiad.ee\/wp-content\/uploads\/2023\/12\/EMALi_aastapreemia_Eesti_arhitektuuripreemiad_2023_foto_Raul-Mee-103-scaled.jpg 2560w, https:\/\/arhitektuuripreemiad.ee\/wp-content\/uploads\/2023\/12\/EMALi_aastapreemia_Eesti_arhitektuuripreemiad_2023_foto_Raul-Mee-103-300x213.jpg 300w, https:\/\/arhitektuuripreemiad.ee\/wp-content\/uploads\/2023\/12\/EMALi_aastapreemia_Eesti_arhitektuuripreemiad_2023_foto_Raul-Mee-103-1024x726.jpg 1024w, https:\/\/arhitektuuripreemiad.ee\/wp-content\/uploads\/2023\/12\/EMALi_aastapreemia_Eesti_arhitektuuripreemiad_2023_foto_Raul-Mee-103-768x544.jpg 768w, https:\/\/arhitektuuripreemiad.ee\/wp-content\/uploads\/2023\/12\/EMALi_aastapreemia_Eesti_arhitektuuripreemiad_2023_foto_Raul-Mee-103-1536x1089.jpg 1536w, https:\/\/arhitektuuripreemiad.ee\/wp-content\/uploads\/2023\/12\/EMALi_aastapreemia_Eesti_arhitektuuripreemiad_2023_foto_Raul-Mee-103-2048x1451.jpg 2048w, https:\/\/arhitektuuripreemiad.ee\/wp-content\/uploads\/2023\/12\/EMALi_aastapreemia_Eesti_arhitektuuripreemiad_2023_foto_Raul-Mee-103-1920x1361.jpg 1920w\" data-sizes=\"(max-width: 2560px) 100vw, 2560px\" src=\"data:image\/gif;base64,R0lGODlhAQABAAAAACH5BAEKAAEALAAAAAABAAEAAAICTAEAOw==\" style=\"--smush-placeholder-width: 2560px; --smush-placeholder-aspect-ratio: 2560\/1814;\" \/><noscript><img loading=\"lazy\" decoding=\"async\" class=\"alignnone size-full wp-image-9604\" src=\"https:\/\/arhitektuuripreemiad.ee\/wp-content\/uploads\/2023\/12\/EMALi_aastapreemia_Eesti_arhitektuuripreemiad_2023_foto_Raul-Mee-103-scaled.jpg\" alt=\"\" width=\"2560\" height=\"1814\" srcset=\"https:\/\/arhitektuuripreemiad.ee\/wp-content\/uploads\/2023\/12\/EMALi_aastapreemia_Eesti_arhitektuuripreemiad_2023_foto_Raul-Mee-103-scaled.jpg 2560w, https:\/\/arhitektuuripreemiad.ee\/wp-content\/uploads\/2023\/12\/EMALi_aastapreemia_Eesti_arhitektuuripreemiad_2023_foto_Raul-Mee-103-300x213.jpg 300w, https:\/\/arhitektuuripreemiad.ee\/wp-content\/uploads\/2023\/12\/EMALi_aastapreemia_Eesti_arhitektuuripreemiad_2023_foto_Raul-Mee-103-1024x726.jpg 1024w, https:\/\/arhitektuuripreemiad.ee\/wp-content\/uploads\/2023\/12\/EMALi_aastapreemia_Eesti_arhitektuuripreemiad_2023_foto_Raul-Mee-103-768x544.jpg 768w, https:\/\/arhitektuuripreemiad.ee\/wp-content\/uploads\/2023\/12\/EMALi_aastapreemia_Eesti_arhitektuuripreemiad_2023_foto_Raul-Mee-103-1536x1089.jpg 1536w, https:\/\/arhitektuuripreemiad.ee\/wp-content\/uploads\/2023\/12\/EMALi_aastapreemia_Eesti_arhitektuuripreemiad_2023_foto_Raul-Mee-103-2048x1451.jpg 2048w, https:\/\/arhitektuuripreemiad.ee\/wp-content\/uploads\/2023\/12\/EMALi_aastapreemia_Eesti_arhitektuuripreemiad_2023_foto_Raul-Mee-103-1920x1361.jpg 1920w\" sizes=\"(max-width: 2560px) 100vw, 2560px\" \/><\/noscript><\/p>\n<p style=\"font-weight: 400;\">The use of materials acquired from demolished buildings in construction new buildings and\/or\u00a0outdoor spaces has not become a norm yet in Estonia, it still tends to be an exception. Often, replacing things with new ones is not related to their poor condition but to the widely\u00a0accepted mindset that the new always means better and the old is definitely worse. In many\u00a0cases, the reverse could be true in terms of quality. In Uus-Veerenni, the old foundation slab was broken smaller on the edges, the concrete pieces were piled for children\u00a0to climb and the resulting space smoothly linked itself to the recognisable playground with its\u00a0swings and climbing frames. Elsewhere, the tarmac of the warehouse was transformed with\u00a0cuts into a resting and playing area.\u00a0The trees and bushes spontaneously growing between the tarmac and foundation at the edge\u00a0of the plot received similar care. Playing with existing material also had another ulterior motive. Old and rough random\u00a0materials with no heritage value should ideally have a liberating effect on the people moving\u00a0into the new house and district: outside their new flat designed into a product and their\u00a0immediate surroundings, they can find an unforced environment taking one\u2019s thoughts from\u00a0the mundane to the eternal and poetic.<\/p>\n<p style=\"font-weight: 400;\"><strong>Laureate of the annual award for landscape architecture 2023 <\/strong><strong>\u2013 <\/strong><a href=\"https:\/\/www.dropbox.com\/scl\/fo\/6yvgar7cmg0r1mxt72d6y\/h?rlkey=w0rtcbo3y281qtkwpybt4z9oz&amp;dl=0\"><strong>The exposition area \u201cThe Cloud Forest\u201d of Tallinn Zoo<\/strong><\/a><strong>. <\/strong>Landscape architecture: Eneli Niinepuu, Jaan Mettik (Sala Terrena), Ragne Sauman (ConArte). Architectural consultation: Riin Kersalu (Kersalu projektb\u00fcroo).<\/p>\n<p style=\"font-weight: 400;\"><img loading=\"lazy\" decoding=\"async\" class=\"alignnone size-full wp-image-9606 lazyload\" data-src=\"https:\/\/arhitektuuripreemiad.ee\/wp-content\/uploads\/2023\/12\/EMALi_aastapreemia_Tallinna_liimaaed_Eesti_arhitektuuripreemiad_2023_foto_Raul-Mee-63-scaled.jpg\" alt=\"\" width=\"2560\" height=\"1671\" data-srcset=\"https:\/\/arhitektuuripreemiad.ee\/wp-content\/uploads\/2023\/12\/EMALi_aastapreemia_Tallinna_liimaaed_Eesti_arhitektuuripreemiad_2023_foto_Raul-Mee-63-scaled.jpg 2560w, https:\/\/arhitektuuripreemiad.ee\/wp-content\/uploads\/2023\/12\/EMALi_aastapreemia_Tallinna_liimaaed_Eesti_arhitektuuripreemiad_2023_foto_Raul-Mee-63-300x196.jpg 300w, https:\/\/arhitektuuripreemiad.ee\/wp-content\/uploads\/2023\/12\/EMALi_aastapreemia_Tallinna_liimaaed_Eesti_arhitektuuripreemiad_2023_foto_Raul-Mee-63-1024x668.jpg 1024w, https:\/\/arhitektuuripreemiad.ee\/wp-content\/uploads\/2023\/12\/EMALi_aastapreemia_Tallinna_liimaaed_Eesti_arhitektuuripreemiad_2023_foto_Raul-Mee-63-768x501.jpg 768w, https:\/\/arhitektuuripreemiad.ee\/wp-content\/uploads\/2023\/12\/EMALi_aastapreemia_Tallinna_liimaaed_Eesti_arhitektuuripreemiad_2023_foto_Raul-Mee-63-1536x1002.jpg 1536w, https:\/\/arhitektuuripreemiad.ee\/wp-content\/uploads\/2023\/12\/EMALi_aastapreemia_Tallinna_liimaaed_Eesti_arhitektuuripreemiad_2023_foto_Raul-Mee-63-2048x1337.jpg 2048w, https:\/\/arhitektuuripreemiad.ee\/wp-content\/uploads\/2023\/12\/EMALi_aastapreemia_Tallinna_liimaaed_Eesti_arhitektuuripreemiad_2023_foto_Raul-Mee-63-1920x1253.jpg 1920w\" data-sizes=\"(max-width: 2560px) 100vw, 2560px\" src=\"data:image\/gif;base64,R0lGODlhAQABAAAAACH5BAEKAAEALAAAAAABAAEAAAICTAEAOw==\" style=\"--smush-placeholder-width: 2560px; --smush-placeholder-aspect-ratio: 2560\/1671;\" \/><noscript><img loading=\"lazy\" decoding=\"async\" class=\"alignnone size-full wp-image-9606\" src=\"https:\/\/arhitektuuripreemiad.ee\/wp-content\/uploads\/2023\/12\/EMALi_aastapreemia_Tallinna_liimaaed_Eesti_arhitektuuripreemiad_2023_foto_Raul-Mee-63-scaled.jpg\" alt=\"\" width=\"2560\" height=\"1671\" srcset=\"https:\/\/arhitektuuripreemiad.ee\/wp-content\/uploads\/2023\/12\/EMALi_aastapreemia_Tallinna_liimaaed_Eesti_arhitektuuripreemiad_2023_foto_Raul-Mee-63-scaled.jpg 2560w, https:\/\/arhitektuuripreemiad.ee\/wp-content\/uploads\/2023\/12\/EMALi_aastapreemia_Tallinna_liimaaed_Eesti_arhitektuuripreemiad_2023_foto_Raul-Mee-63-300x196.jpg 300w, https:\/\/arhitektuuripreemiad.ee\/wp-content\/uploads\/2023\/12\/EMALi_aastapreemia_Tallinna_liimaaed_Eesti_arhitektuuripreemiad_2023_foto_Raul-Mee-63-1024x668.jpg 1024w, https:\/\/arhitektuuripreemiad.ee\/wp-content\/uploads\/2023\/12\/EMALi_aastapreemia_Tallinna_liimaaed_Eesti_arhitektuuripreemiad_2023_foto_Raul-Mee-63-768x501.jpg 768w, https:\/\/arhitektuuripreemiad.ee\/wp-content\/uploads\/2023\/12\/EMALi_aastapreemia_Tallinna_liimaaed_Eesti_arhitektuuripreemiad_2023_foto_Raul-Mee-63-1536x1002.jpg 1536w, https:\/\/arhitektuuripreemiad.ee\/wp-content\/uploads\/2023\/12\/EMALi_aastapreemia_Tallinna_liimaaed_Eesti_arhitektuuripreemiad_2023_foto_Raul-Mee-63-2048x1337.jpg 2048w, https:\/\/arhitektuuripreemiad.ee\/wp-content\/uploads\/2023\/12\/EMALi_aastapreemia_Tallinna_liimaaed_Eesti_arhitektuuripreemiad_2023_foto_Raul-Mee-63-1920x1253.jpg 1920w\" sizes=\"(max-width: 2560px) 100vw, 2560px\" \/><\/noscript><\/p>\n<p style=\"font-weight: 400;\">The landscape architectural project for the interior of the exposition area was a serious challenge.\u00a0Within only two months, architects needed to familiarise themselves with the plants of Southeast Asia as\u00a0well as the needs of the animals inhabiting the designed space. Since it is not possible to create a real tropical rain forest in such a small area, we tried to pick\u00a0details that would allow us to tell the visitors about the world\u2019s most diverse ecosystem\u00a0characterised by amazingly functional cooperation as well as merciless competition. To introduce various plant groups, the areas are sectioned including, for instance,\u00a0edible plants\u00a0such as banana, cardamon and black pepper, a\u00a0\u2018forest\u2019 of tree-line ferns etc. Since tropical trees\u00a0start to grow their intriguing buttress roots when they are dozens of metres tall, a dead tropical\u00a0trunk had to be brought in to introduce the adaptation. Thus, in addition to admiring animals, also\u00a0plant tours may be given. In cooperation with the zoo, also more comfortable cages and terrariums set in artificial rock were\u00a0created, however, a crucial role is played by animals freely moving about in the house and thus, in\u00a0turn, shaping the vegetation.<\/p>\n<p style=\"font-weight: 400;\"><strong>Laureate of the annual award for landscape architecture 2023 \u2013 <\/strong><a href=\"https:\/\/www.dropbox.com\/scl\/fo\/1mmilxyyxyjvwmo7bbr27\/h?rlkey=af4jaxrfsz40amt9ucril127d&amp;dl=0\"><strong>the book &#8220;Indispensable outdoor space&#8221;<\/strong><\/a><strong>. <\/strong>Authors: Karin Bachmann, Mirko Traks, Juhan Teppart, Kristjan Talistu (Kino maastikuarhitektid). Publisher: Kino maastikuarhitektid, 2023. Photos: Kristjan Talistu. Text editor: Piret P\u00f5ldver (P\u00e4evakera). Translation: P\u00e4evakera. Graphic design: Martin R\u00e4sta (Baas Disain)<\/p>\n<p><img loading=\"lazy\" decoding=\"async\" class=\"alignnone size-full wp-image-9602 lazyload\" data-src=\"https:\/\/arhitektuuripreemiad.ee\/wp-content\/uploads\/2023\/12\/EMALi-aastapreemia_Eesti_arhitektuuripreemiad_2023_foto_Raul-Mee-76-scaled.jpg\" alt=\"\" width=\"2560\" height=\"1788\" data-srcset=\"https:\/\/arhitektuuripreemiad.ee\/wp-content\/uploads\/2023\/12\/EMALi-aastapreemia_Eesti_arhitektuuripreemiad_2023_foto_Raul-Mee-76-scaled.jpg 2560w, https:\/\/arhitektuuripreemiad.ee\/wp-content\/uploads\/2023\/12\/EMALi-aastapreemia_Eesti_arhitektuuripreemiad_2023_foto_Raul-Mee-76-300x210.jpg 300w, https:\/\/arhitektuuripreemiad.ee\/wp-content\/uploads\/2023\/12\/EMALi-aastapreemia_Eesti_arhitektuuripreemiad_2023_foto_Raul-Mee-76-1024x715.jpg 1024w, https:\/\/arhitektuuripreemiad.ee\/wp-content\/uploads\/2023\/12\/EMALi-aastapreemia_Eesti_arhitektuuripreemiad_2023_foto_Raul-Mee-76-768x536.jpg 768w, https:\/\/arhitektuuripreemiad.ee\/wp-content\/uploads\/2023\/12\/EMALi-aastapreemia_Eesti_arhitektuuripreemiad_2023_foto_Raul-Mee-76-1536x1073.jpg 1536w, https:\/\/arhitektuuripreemiad.ee\/wp-content\/uploads\/2023\/12\/EMALi-aastapreemia_Eesti_arhitektuuripreemiad_2023_foto_Raul-Mee-76-2048x1430.jpg 2048w, https:\/\/arhitektuuripreemiad.ee\/wp-content\/uploads\/2023\/12\/EMALi-aastapreemia_Eesti_arhitektuuripreemiad_2023_foto_Raul-Mee-76-1920x1341.jpg 1920w\" data-sizes=\"(max-width: 2560px) 100vw, 2560px\" src=\"data:image\/gif;base64,R0lGODlhAQABAAAAACH5BAEKAAEALAAAAAABAAEAAAICTAEAOw==\" style=\"--smush-placeholder-width: 2560px; --smush-placeholder-aspect-ratio: 2560\/1788;\" \/><noscript><img loading=\"lazy\" decoding=\"async\" class=\"alignnone size-full wp-image-9602\" src=\"https:\/\/arhitektuuripreemiad.ee\/wp-content\/uploads\/2023\/12\/EMALi-aastapreemia_Eesti_arhitektuuripreemiad_2023_foto_Raul-Mee-76-scaled.jpg\" alt=\"\" width=\"2560\" height=\"1788\" srcset=\"https:\/\/arhitektuuripreemiad.ee\/wp-content\/uploads\/2023\/12\/EMALi-aastapreemia_Eesti_arhitektuuripreemiad_2023_foto_Raul-Mee-76-scaled.jpg 2560w, https:\/\/arhitektuuripreemiad.ee\/wp-content\/uploads\/2023\/12\/EMALi-aastapreemia_Eesti_arhitektuuripreemiad_2023_foto_Raul-Mee-76-300x210.jpg 300w, https:\/\/arhitektuuripreemiad.ee\/wp-content\/uploads\/2023\/12\/EMALi-aastapreemia_Eesti_arhitektuuripreemiad_2023_foto_Raul-Mee-76-1024x715.jpg 1024w, https:\/\/arhitektuuripreemiad.ee\/wp-content\/uploads\/2023\/12\/EMALi-aastapreemia_Eesti_arhitektuuripreemiad_2023_foto_Raul-Mee-76-768x536.jpg 768w, https:\/\/arhitektuuripreemiad.ee\/wp-content\/uploads\/2023\/12\/EMALi-aastapreemia_Eesti_arhitektuuripreemiad_2023_foto_Raul-Mee-76-1536x1073.jpg 1536w, https:\/\/arhitektuuripreemiad.ee\/wp-content\/uploads\/2023\/12\/EMALi-aastapreemia_Eesti_arhitektuuripreemiad_2023_foto_Raul-Mee-76-2048x1430.jpg 2048w, https:\/\/arhitektuuripreemiad.ee\/wp-content\/uploads\/2023\/12\/EMALi-aastapreemia_Eesti_arhitektuuripreemiad_2023_foto_Raul-Mee-76-1920x1341.jpg 1920w\" sizes=\"(max-width: 2560px) 100vw, 2560px\" \/><\/noscript><\/p>\n<p style=\"font-weight: 400;\">So far, no books have been written about contemporary Estonian landscape architecture. There\u00a0have been textbooks, overviews of historical parks, gardening books etc, but the starting points,\u00a0reasons, and methods of creating high-quality outdoor (urban) spaces have been systematically\u00a0reflected only in the articles of specialised journals. With the help of Kino landscape architects\u2019 work experience, the book attempts to answer the\u00a0following questions: what is a good outdoor space like, what should be considered in its creation,\u00a0what is done for whom and how, and what are the priorities in its design? Answers are provided\u00a0by architects, landscape architects, a semiotician, a media advisor etc.\u00a0Illustrations include\u00a0solutions designed and built (and largely also awarded) in Estonia that meet the criteria of a good\u00a0outdoor space.\u00a0The book illustrates how many\u00a0problems could be solved with landscape architecture, starting from ecological issues to diversifying\u00a0children\u2019s games and material circulation. he collection in a grey calico binding features a colourful and\u00a0diverse overview of the works of Kino that form the beacon lighting the way in Estonian landscape\u00a0architecture.<\/p>\n<p style=\"font-weight: 400;\"><em>The jury of the <\/em><em>Estonian Association of Landscape Architects<\/em> <em>included landscape architects Ilze Ruk\u0161\u0101ne, Kersti Lootus, Laura M\u00e4nnamaa, Rutt Piir and Kristiina Kupper. <\/em><\/p>\n<p style=\"font-weight: 400;\"><strong><em>Maja magazine spatial publication award 2023<\/em><\/strong><\/p>\n<p style=\"font-weight: 400;\"><a href=\"https:\/\/www.dropbox.com\/scl\/fo\/2a0e7p4q8tc6lr5uya8b1\/h?rlkey=4rmhifz12omn60zpcxuiwfkvq&amp;dl=0\"><strong>Madli Kaljuste article &#8220;Radio. Riches. Repository\u2019<\/strong><\/a><\/p>\n<p style=\"font-weight: 400;\">\u201eThe bank building standing on an old industrial frame on Narva Road proves its ability to also serve as a public library. The obligation to survive various eras and situations is common to both buildings and people\u201d, Madli Kaljuste ponders.<\/p>\n<p><img loading=\"lazy\" decoding=\"async\" class=\"alignnone size-full wp-image-9622 lazyload\" data-src=\"https:\/\/arhitektuuripreemiad.ee\/wp-content\/uploads\/2023\/12\/MAJA_publitsistikapreemia_preemia_Eesti_arhitektuuripreemiad_2023_foto_Raul-Mee-79-scaled.jpg\" alt=\"\" width=\"2560\" height=\"1857\" data-srcset=\"https:\/\/arhitektuuripreemiad.ee\/wp-content\/uploads\/2023\/12\/MAJA_publitsistikapreemia_preemia_Eesti_arhitektuuripreemiad_2023_foto_Raul-Mee-79-scaled.jpg 2560w, https:\/\/arhitektuuripreemiad.ee\/wp-content\/uploads\/2023\/12\/MAJA_publitsistikapreemia_preemia_Eesti_arhitektuuripreemiad_2023_foto_Raul-Mee-79-300x218.jpg 300w, https:\/\/arhitektuuripreemiad.ee\/wp-content\/uploads\/2023\/12\/MAJA_publitsistikapreemia_preemia_Eesti_arhitektuuripreemiad_2023_foto_Raul-Mee-79-1024x743.jpg 1024w, https:\/\/arhitektuuripreemiad.ee\/wp-content\/uploads\/2023\/12\/MAJA_publitsistikapreemia_preemia_Eesti_arhitektuuripreemiad_2023_foto_Raul-Mee-79-768x557.jpg 768w, https:\/\/arhitektuuripreemiad.ee\/wp-content\/uploads\/2023\/12\/MAJA_publitsistikapreemia_preemia_Eesti_arhitektuuripreemiad_2023_foto_Raul-Mee-79-1536x1114.jpg 1536w, https:\/\/arhitektuuripreemiad.ee\/wp-content\/uploads\/2023\/12\/MAJA_publitsistikapreemia_preemia_Eesti_arhitektuuripreemiad_2023_foto_Raul-Mee-79-2048x1485.jpg 2048w, https:\/\/arhitektuuripreemiad.ee\/wp-content\/uploads\/2023\/12\/MAJA_publitsistikapreemia_preemia_Eesti_arhitektuuripreemiad_2023_foto_Raul-Mee-79-1920x1393.jpg 1920w\" data-sizes=\"(max-width: 2560px) 100vw, 2560px\" src=\"data:image\/gif;base64,R0lGODlhAQABAAAAACH5BAEKAAEALAAAAAABAAEAAAICTAEAOw==\" style=\"--smush-placeholder-width: 2560px; --smush-placeholder-aspect-ratio: 2560\/1857;\" \/><noscript><img loading=\"lazy\" decoding=\"async\" class=\"alignnone size-full wp-image-9622\" src=\"https:\/\/arhitektuuripreemiad.ee\/wp-content\/uploads\/2023\/12\/MAJA_publitsistikapreemia_preemia_Eesti_arhitektuuripreemiad_2023_foto_Raul-Mee-79-scaled.jpg\" alt=\"\" width=\"2560\" height=\"1857\" srcset=\"https:\/\/arhitektuuripreemiad.ee\/wp-content\/uploads\/2023\/12\/MAJA_publitsistikapreemia_preemia_Eesti_arhitektuuripreemiad_2023_foto_Raul-Mee-79-scaled.jpg 2560w, https:\/\/arhitektuuripreemiad.ee\/wp-content\/uploads\/2023\/12\/MAJA_publitsistikapreemia_preemia_Eesti_arhitektuuripreemiad_2023_foto_Raul-Mee-79-300x218.jpg 300w, https:\/\/arhitektuuripreemiad.ee\/wp-content\/uploads\/2023\/12\/MAJA_publitsistikapreemia_preemia_Eesti_arhitektuuripreemiad_2023_foto_Raul-Mee-79-1024x743.jpg 1024w, https:\/\/arhitektuuripreemiad.ee\/wp-content\/uploads\/2023\/12\/MAJA_publitsistikapreemia_preemia_Eesti_arhitektuuripreemiad_2023_foto_Raul-Mee-79-768x557.jpg 768w, https:\/\/arhitektuuripreemiad.ee\/wp-content\/uploads\/2023\/12\/MAJA_publitsistikapreemia_preemia_Eesti_arhitektuuripreemiad_2023_foto_Raul-Mee-79-1536x1114.jpg 1536w, https:\/\/arhitektuuripreemiad.ee\/wp-content\/uploads\/2023\/12\/MAJA_publitsistikapreemia_preemia_Eesti_arhitektuuripreemiad_2023_foto_Raul-Mee-79-2048x1485.jpg 2048w, https:\/\/arhitektuuripreemiad.ee\/wp-content\/uploads\/2023\/12\/MAJA_publitsistikapreemia_preemia_Eesti_arhitektuuripreemiad_2023_foto_Raul-Mee-79-1920x1393.jpg 1920w\" sizes=\"(max-width: 2560px) 100vw, 2560px\" \/><\/noscript><\/p>\n<p style=\"font-weight: 400;\">There seems to be a new layer emerging in Estonian architecture that had been forgotten for a\u00a0while\u00a0\u2013the buildings constructed in late 1990s and early 2000s. Many of them are already\u00a0being destroyed in the process, as they have come or are coming under an increasingly intensive\u00a0pressure of reconstruction or demolition. Madli Kaljuste shows that the phenomenon deserves\u00a0a discussion by adding an architect\u2019s point of view to the topic of transitional architecture raised\u00a0by architecture historians and exhibitions\u00a0\u2013and,\u00a0in the process, she experiments with different\u00a0ways to explore the layering that is already becoming a part of heritage. Her essay draws\u00a0attention to the area that is right under our nose every day but nevertheless sunk into oblivion\u00a0and periphery: the former industrial quarter Punane RET and Parda Street in Tallinn city centre\u00a0that was one of the first industrial areas to be reconstructed during the transitional period. Her\u00a0sensitive approach, fresh look and illustrations highlighting details in photos and drawings\u00a0bring out the dynamics and layers of the former Punane RET building and its transformation\u00a0into a bank and the temporary National Library building. Investigating, among other things,\u00a0how to adapt a building adapted to lending money to lending books, the article makes us think\u00a0if such a dynamic of replacing first industrial and then capitalist functions with public and\/or\u00a0communal functions should perhaps deserve wider resonance.<\/p>\n<p style=\"font-weight: 400;\"><em>Among the articles published in Maja magazine in 2023, the best was selected by professor Linda Kaljundi of the Estonian Academy of Arts.<\/em><strong><em>\u00a0<\/em><\/strong><\/p>\n<p style=\"font-weight: 400;\"><em>The Estonian Architecture Awards were initiated in 2015 to jointly recognize the most outstanding achievements in the field of Estonian spatial design. All the nominees can be found on the website <\/em><a href=\"http:\/\/www.arhitikturpreemiad.ee\/\"><em>www.arhitikturpreemiad.ee<\/em><\/a><em>. You can read more about all nominees and laureates in the publications Eesti Arhitektuuripreemiad 2023 and Ruumipilt 2023, which can be purchased after December 8 in major bookstores in Estonia or ordered from the architecture awards website.<\/em><\/p>\n<p style=\"font-weight: 400;\"><em>The awards are supported by the Cultural Endowment of Estonia. The student award of the Association of the Estonian Architects is financed by the offices of architects belonging to the union, this year <\/em><em>KARISMA, KUU and KAVAKAVA.<\/em><\/p>\n<p style=\"font-weight: 400;\"><em>Estonian Architecture Awards 2023 main supporters: Estonian Cultural Foundation,\u00a0<\/em><em>SEOS Valgustus, Thermory<\/em><em><br \/>\n<\/em><em>Estonian Architecture Awards 2023 sponsors<\/em><em>: Floorin, Hals, Interstudio, Jung, Knauf, Lincona, Silman, Velux, Vivarec, Wermstock<\/em><\/p>\n<div>\n<p><span lang=\"ET\">Visual identity<\/span>: Unt \/ Tammik<i><\/i><\/p>\n<\/div>\n<div>\n<p>The full\u00a0<strong>TV broadcast<\/strong><span class=\"apple-converted-space\">\u00a0&#8220;<\/span><a title=\"https:\/\/arhitektuuripreemiad.us2.list-manage.com\/track\/click?u=8bb1f01112ffbe29919fe9fe4&amp;id=5c61477d20&amp;e=e0c0d30a7c\" href=\"https:\/\/www.youtube.com\/watch?v=Jm1EwWPdgr8&amp;t=1s\" target=\"_blank\" rel=\"noopener\"><strong>Estonian Architecture Awards 202<\/strong><strong><span lang=\"ET\">3<\/span><\/strong><\/a>&#8221;\u00a0<span lang=\"ET\">that <\/span>introduces the winners of this\u00a0year&#8217;s\u00a0awards,\u00a0thus providing an overview of the best of the best in Estonian architecture in 202<span lang=\"ET\">3 can be found on our <a href=\"https:\/\/www.youtube.com\/@eestiarhitektuuripreemiad\/videos\">YouTube page<\/a>.<\/span><\/p>\n<\/div>\n<p><strong>Info and news:<\/strong><\/p>\n<p>Facebook:\u00a0<a href=\"https:\/\/www.facebook.com\/EestiArhitektuuripreemiad\" target=\"_blank\" rel=\"noopener\">eestiarhitektuuripreemiad<\/a><br \/>\nInstagram:\u00a0<a href=\"https:\/\/www.instagram.com\/arhitektuuripreemiad\/\" target=\"_blank\" rel=\"noopener\">arhitektuuripreemiad<\/a><br \/>\nYouTube:\u00a0<a href=\"https:\/\/www.youtube.com\/@eestiarhitektuuripreemiad\/featured\" target=\"_blank\" rel=\"noopener\">eestiarhitektuuripreemiad<\/a><\/p>\n<p><a href=\"https:\/\/arhitektuuripreemiad.ee\/\" target=\"_blank\" rel=\"noopener\"><strong>www.arhitektuuripreemiad.ee<\/strong><\/a><\/p>\n","protected":false},"template":"","acf":[],"yoast_head":"<!-- This site is optimized with the Yoast SEO plugin v22.8 - https:\/\/yoast.com\/wordpress\/plugins\/seo\/ -->\n<title>The laureates of the 2023 architecture awards have been announced - Estonian Architecture Awards<\/title>\n<meta name=\"robots\" content=\"index, follow, max-snippet:-1, max-image-preview:large, max-video-preview:-1\" \/>\n<link rel=\"canonical\" href=\"https:\/\/arhitektuuripreemiad.ee\/en\/press\/the-laureates-of-the-2023-architecture-awards-have-been-announced\/\" \/>\n<meta property=\"og:locale\" content=\"en_US\" \/>\n<meta property=\"og:type\" content=\"article\" \/>\n<meta property=\"og:title\" content=\"The laureates of the 2023 architecture awards have been announced - Estonian Architecture Awards\" \/>\n<meta property=\"og:description\" content=\"PRESS RELEASE December 9, 2023 On Friday, December 8, at a festive award ceremony in Lillepavilion, the Estonian Architecture Awards of the year were handed out and the best architectural works and architects were recognized. The architecture endowment fund of the Cultural Endowment of Estonia, the Association of Estonian Architects, the Association of Estonian Interior [&hellip;]\" \/>\n<meta property=\"og:url\" content=\"https:\/\/arhitektuuripreemiad.ee\/en\/press\/the-laureates-of-the-2023-architecture-awards-have-been-announced\/\" \/>\n<meta property=\"og:site_name\" content=\"Estonian Architecture Awards\" \/>\n<meta property=\"article:publisher\" content=\"https:\/\/www.facebook.com\/EestiArhitektuuripreemiad\/\" \/>\n<meta property=\"article:modified_time\" content=\"2023-12-16T10:00:58+00:00\" \/>\n<meta property=\"og:image\" content=\"https:\/\/arhitektuuripreemiad.ee\/wp-content\/uploads\/2023\/12\/AP_2023_Banner_sundmuse-infoga.jpg\" \/>\n<meta name=\"twitter:card\" content=\"summary_large_image\" \/>\n<meta name=\"twitter:label1\" content=\"Est. reading time\" \/>\n\t<meta name=\"twitter:data1\" content=\"21 minutes\" \/>\n<script type=\"application\/ld+json\" class=\"yoast-schema-graph\">{\"@context\":\"https:\/\/schema.org\",\"@graph\":[{\"@type\":\"WebPage\",\"@id\":\"https:\/\/arhitektuuripreemiad.ee\/en\/press\/the-laureates-of-the-2023-architecture-awards-have-been-announced\/\",\"url\":\"https:\/\/arhitektuuripreemiad.ee\/en\/press\/the-laureates-of-the-2023-architecture-awards-have-been-announced\/\",\"name\":\"The laureates of the 2023 architecture awards have been announced - Estonian Architecture Awards\",\"isPartOf\":{\"@id\":\"https:\/\/arhitektuuripreemiad.ee\/en\/#website\"},\"primaryImageOfPage\":{\"@id\":\"https:\/\/arhitektuuripreemiad.ee\/en\/press\/the-laureates-of-the-2023-architecture-awards-have-been-announced\/#primaryimage\"},\"image\":{\"@id\":\"https:\/\/arhitektuuripreemiad.ee\/en\/press\/the-laureates-of-the-2023-architecture-awards-have-been-announced\/#primaryimage\"},\"thumbnailUrl\":\"https:\/\/arhitektuuripreemiad.ee\/wp-content\/uploads\/2023\/12\/AP_2023_Banner_sundmuse-infoga.jpg\",\"datePublished\":\"2023-12-15T09:36:40+00:00\",\"dateModified\":\"2023-12-16T10:00:58+00:00\",\"breadcrumb\":{\"@id\":\"https:\/\/arhitektuuripreemiad.ee\/en\/press\/the-laureates-of-the-2023-architecture-awards-have-been-announced\/#breadcrumb\"},\"inLanguage\":\"en-US\",\"potentialAction\":[{\"@type\":\"ReadAction\",\"target\":[\"https:\/\/arhitektuuripreemiad.ee\/en\/press\/the-laureates-of-the-2023-architecture-awards-have-been-announced\/\"]}]},{\"@type\":\"ImageObject\",\"inLanguage\":\"en-US\",\"@id\":\"https:\/\/arhitektuuripreemiad.ee\/en\/press\/the-laureates-of-the-2023-architecture-awards-have-been-announced\/#primaryimage\",\"url\":\"https:\/\/arhitektuuripreemiad.ee\/wp-content\/uploads\/2023\/12\/AP_2023_Banner_sundmuse-infoga.jpg\",\"contentUrl\":\"https:\/\/arhitektuuripreemiad.ee\/wp-content\/uploads\/2023\/12\/AP_2023_Banner_sundmuse-infoga.jpg\"},{\"@type\":\"BreadcrumbList\",\"@id\":\"https:\/\/arhitektuuripreemiad.ee\/en\/press\/the-laureates-of-the-2023-architecture-awards-have-been-announced\/#breadcrumb\",\"itemListElement\":[{\"@type\":\"ListItem\",\"position\":1,\"name\":\"Home\",\"item\":\"https:\/\/arhitektuuripreemiad.ee\/en\/avaleht\/\"},{\"@type\":\"ListItem\",\"position\":2,\"name\":\"Press\",\"item\":\"https:\/\/arhitektuuripreemiad.ee\/en\/press\/\"},{\"@type\":\"ListItem\",\"position\":3,\"name\":\"The laureates of the 2023 architecture awards have been announced\"}]},{\"@type\":\"WebSite\",\"@id\":\"https:\/\/arhitektuuripreemiad.ee\/en\/#website\",\"url\":\"https:\/\/arhitektuuripreemiad.ee\/en\/\",\"name\":\"Eesti arhitektuuripreemiad\",\"description\":\"Eesti parim arhitektuur, sisearhitektuur, maastikuarhitektuur\",\"potentialAction\":[{\"@type\":\"SearchAction\",\"target\":{\"@type\":\"EntryPoint\",\"urlTemplate\":\"https:\/\/arhitektuuripreemiad.ee\/en\/?s={search_term_string}\"},\"query-input\":\"required name=search_term_string\"}],\"inLanguage\":\"en-US\"}]}<\/script>\n<!-- \/ Yoast SEO plugin. -->","yoast_head_json":{"title":"The laureates of the 2023 architecture awards have been announced - Estonian Architecture Awards","robots":{"index":"index","follow":"follow","max-snippet":"max-snippet:-1","max-image-preview":"max-image-preview:large","max-video-preview":"max-video-preview:-1"},"canonical":"https:\/\/arhitektuuripreemiad.ee\/en\/press\/the-laureates-of-the-2023-architecture-awards-have-been-announced\/","og_locale":"en_US","og_type":"article","og_title":"The laureates of the 2023 architecture awards have been announced - Estonian Architecture Awards","og_description":"PRESS RELEASE December 9, 2023 On Friday, December 8, at a festive award ceremony in Lillepavilion, the Estonian Architecture Awards of the year were handed out and the best architectural works and architects were recognized. The architecture endowment fund of the Cultural Endowment of Estonia, the Association of Estonian Architects, the Association of Estonian Interior [&hellip;]","og_url":"https:\/\/arhitektuuripreemiad.ee\/en\/press\/the-laureates-of-the-2023-architecture-awards-have-been-announced\/","og_site_name":"Estonian Architecture Awards","article_publisher":"https:\/\/www.facebook.com\/EestiArhitektuuripreemiad\/","article_modified_time":"2023-12-16T10:00:58+00:00","og_image":[{"url":"https:\/\/arhitektuuripreemiad.ee\/wp-content\/uploads\/2023\/12\/AP_2023_Banner_sundmuse-infoga.jpg"}],"twitter_card":"summary_large_image","twitter_misc":{"Est. reading time":"21 minutes"},"schema":{"@context":"https:\/\/schema.org","@graph":[{"@type":"WebPage","@id":"https:\/\/arhitektuuripreemiad.ee\/en\/press\/the-laureates-of-the-2023-architecture-awards-have-been-announced\/","url":"https:\/\/arhitektuuripreemiad.ee\/en\/press\/the-laureates-of-the-2023-architecture-awards-have-been-announced\/","name":"The laureates of the 2023 architecture awards have been announced - Estonian Architecture Awards","isPartOf":{"@id":"https:\/\/arhitektuuripreemiad.ee\/en\/#website"},"primaryImageOfPage":{"@id":"https:\/\/arhitektuuripreemiad.ee\/en\/press\/the-laureates-of-the-2023-architecture-awards-have-been-announced\/#primaryimage"},"image":{"@id":"https:\/\/arhitektuuripreemiad.ee\/en\/press\/the-laureates-of-the-2023-architecture-awards-have-been-announced\/#primaryimage"},"thumbnailUrl":"https:\/\/arhitektuuripreemiad.ee\/wp-content\/uploads\/2023\/12\/AP_2023_Banner_sundmuse-infoga.jpg","datePublished":"2023-12-15T09:36:40+00:00","dateModified":"2023-12-16T10:00:58+00:00","breadcrumb":{"@id":"https:\/\/arhitektuuripreemiad.ee\/en\/press\/the-laureates-of-the-2023-architecture-awards-have-been-announced\/#breadcrumb"},"inLanguage":"en-US","potentialAction":[{"@type":"ReadAction","target":["https:\/\/arhitektuuripreemiad.ee\/en\/press\/the-laureates-of-the-2023-architecture-awards-have-been-announced\/"]}]},{"@type":"ImageObject","inLanguage":"en-US","@id":"https:\/\/arhitektuuripreemiad.ee\/en\/press\/the-laureates-of-the-2023-architecture-awards-have-been-announced\/#primaryimage","url":"https:\/\/arhitektuuripreemiad.ee\/wp-content\/uploads\/2023\/12\/AP_2023_Banner_sundmuse-infoga.jpg","contentUrl":"https:\/\/arhitektuuripreemiad.ee\/wp-content\/uploads\/2023\/12\/AP_2023_Banner_sundmuse-infoga.jpg"},{"@type":"BreadcrumbList","@id":"https:\/\/arhitektuuripreemiad.ee\/en\/press\/the-laureates-of-the-2023-architecture-awards-have-been-announced\/#breadcrumb","itemListElement":[{"@type":"ListItem","position":1,"name":"Home","item":"https:\/\/arhitektuuripreemiad.ee\/en\/avaleht\/"},{"@type":"ListItem","position":2,"name":"Press","item":"https:\/\/arhitektuuripreemiad.ee\/en\/press\/"},{"@type":"ListItem","position":3,"name":"The laureates of the 2023 architecture awards have been announced"}]},{"@type":"WebSite","@id":"https:\/\/arhitektuuripreemiad.ee\/en\/#website","url":"https:\/\/arhitektuuripreemiad.ee\/en\/","name":"Eesti arhitektuuripreemiad","description":"Eesti parim arhitektuur, sisearhitektuur, maastikuarhitektuur","potentialAction":[{"@type":"SearchAction","target":{"@type":"EntryPoint","urlTemplate":"https:\/\/arhitektuuripreemiad.ee\/en\/?s={search_term_string}"},"query-input":"required name=search_term_string"}],"inLanguage":"en-US"}]}},"_links":{"self":[{"href":"https:\/\/arhitektuuripreemiad.ee\/en\/wp-json\/wp\/v2\/press\/9690"}],"collection":[{"href":"https:\/\/arhitektuuripreemiad.ee\/en\/wp-json\/wp\/v2\/press"}],"about":[{"href":"https:\/\/arhitektuuripreemiad.ee\/en\/wp-json\/wp\/v2\/types\/press"}],"wp:attachment":[{"href":"https:\/\/arhitektuuripreemiad.ee\/en\/wp-json\/wp\/v2\/media?parent=9690"}],"curies":[{"name":"wp","href":"https:\/\/api.w.org\/{rel}","templated":true}]}}